{"id":1100,"date":"2012-11-26T11:40:27","date_gmt":"2012-11-26T11:40:27","guid":{"rendered":"http:\/\/josemariacastillejo.com\/?p=1100"},"modified":"2013-06-08T12:09:16","modified_gmt":"2013-06-08T12:09:16","slug":"congreso-de-jovenes-empresarios-en-murcia","status":"publish","type":"post","link":"https:\/\/josemariacastillejo.com\/ar\/blog\/2012\/11\/26\/congreso-de-jovenes-empresarios-en-murcia\/","title":{"rendered":"\u0645\u0624\u062a\u0645\u0631 \u0631\u0648\u0627\u062f \u0627\u0644\u0623\u0639\u0645\u0627\u0644 \u0627\u0644\u0634\u0628\u0627\u0628 \u0641\u064a \u0645\u0648\u0631\u0633\u064a\u0627"},"content":{"rendered":"<p>Con motivo de mi intervenci\u00f3n en el <a href=\"http:\/\/www.ajemurcia.com\/es\/inicio.aspx\" target=\"_blank\">Congreso de J\u00f3venes Empresarios y Emprendedores <\/a>celebrado en Murcia, el peri\u00f3dico La Opini\u00f3n ha publicado el siguiente art\u00edculo.<\/p>\n<p><a href=\"http:\/\/josemariacastillejo.com\/wp-content\/uploads\/2012\/11\/G013.pdf\" target=\"_blank\"><img fetchpriority=\"high\" decoding=\"async\" class=\"aligncenter size-medium wp-image-1102\" title=\"G013\" alt=\"\" src=\"http:\/\/josemariacastillejo.com\/wp-content\/uploads\/2012\/11\/G013-222x300.jpg\" width=\"222\" height=\"300\" srcset=\"https:\/\/josemariacastillejo.com\/wp-content\/uploads\/2012\/11\/G013-222x300.jpg 222w, https:\/\/josemariacastillejo.com\/wp-content\/uploads\/2012\/11\/G013-759x1024.jpg 759w, https:\/\/josemariacastillejo.com\/wp-content\/uploads\/2012\/11\/G013.jpg 1025w\" sizes=\"(max-width: 222px) 100vw, 222px\" \/><\/a><\/p>","protected":false},"excerpt":{"rendered":"<p>\u0628\u0645\u0646\u0627\u0633\u0628\u0629 \u0643\u0644\u0645\u062a\u064a \u0627\u0644\u062a\u064a \u0623\u0644\u0642\u064a\u062a\u0647\u0627 \u0641\u064a \u0645\u0624\u062a\u0645\u0631 \u0631\u0648\u0627\u062f \u0627\u0644\u0623\u0639\u0645\u0627\u0644 \u0648\u0623\u0635\u062d\u0627\u0628 \u0627\u0644\u0645\u0634\u0627\u0631\u064a\u0639 \u0627\u0644\u0634\u0628\u0627\u0628 \u0627\u0644\u0630\u064a \u0639\u0642\u062f \u0641\u064a \u0645\u0648\u0631\u0633\u064a\u0627\u060c \u0646\u0634\u0631\u062a \u0635\u062d\u064a\u0641\u0629 \"\u0644\u0627 \u0623\u0648\u0628\u064a\u0646\u064a\u0648\u0646\" \u0627\u0644\u0645\u0642\u0627\u0644 \u0627\u0644\u062a\u0627\u0644\u064a.<\/p>","protected":false},"author":1,"featured_media":1102,"comment_status":"open","ping_status":"open","sticky":false,"template":"","format":"standard","meta":{"footnotes":""},"categories":[9],"tags":[488,484,487,486,485],"class_list":["post-1100","post","type-post","status-publish","format-standard","has-post-thumbnail","hentry","category-en-los-medios","tag-articulo","tag-intervencion","tag-jovenes-empresarios","tag-murcia","tag-periodico"],"_links":{"self":[{"href":"https:\/\/josemariacastillejo.com\/ar\/wp-json\/wp\/v2\/posts\/1100","targetHints":{"allow":["GET"]}}],"collection":[{"href":"https:\/\/josemariacastillejo.com\/ar\/wp-json\/wp\/v2\/posts"}],"about":[{"href":"https:\/\/josemariacastillejo.com\/ar\/wp-json\/wp\/v2\/types\/post"}],"author":[{"embeddable":true,"href":"https:\/\/josemariacastillejo.com\/ar\/wp-json\/wp\/v2\/users\/1"}],"replies":[{"embeddable":true,"href":"https:\/\/josemariacastillejo.com\/ar\/wp-json\/wp\/v2\/comments?post=1100"}],"version-history":[{"count":3,"href":"https:\/\/josemariacastillejo.com\/ar\/wp-json\/wp\/v2\/posts\/1100\/revisions"}],"predecessor-version":[{"id":1104,"href":"https:\/\/josemariacastillejo.com\/ar\/wp-json\/wp\/v2\/posts\/1100\/revisions\/1104"}],"wp:featuredmedia":[{"embeddable":true,"href":"https:\/\/josemariacastillejo.com\/ar\/wp-json\/wp\/v2\/media\/1102"}],"wp:attachment":[{"href":"https:\/\/josemariacastillejo.com\/ar\/wp-json\/wp\/v2\/media?parent=1100"}],"wp:term":[{"taxonomy":"category","embeddable":true,"href":"https:\/\/josemariacastillejo.com\/ar\/wp-json\/wp\/v2\/categories?post=1100"},{"taxonomy":"post_tag","embeddable":true,"href":"https:\/\/josemariacastillejo.com\/ar\/wp-json\/wp\/v2\/tags?post=1100"}],"curies":[{"name":"wp","href":"https:\/\/api.w.org\/{rel}","templated":true}]}}