{"id":754,"date":"2011-10-06T09:46:28","date_gmt":"2011-10-06T09:46:28","guid":{"rendered":"http:\/\/josemariacastillejo.com\/?p=754"},"modified":"2011-10-06T09:46:28","modified_gmt":"2011-10-06T09:46:28","slug":"comando-actualidad-tve","status":"publish","type":"post","link":"https:\/\/josemariacastillejo.com\/ar\/blog\/2011\/10\/06\/comando-actualidad-tve\/","title":{"rendered":"Comando Actualidad Actualidad-TVE"},"content":{"rendered":"<p>Recientemente tuve la oportunidad de participar en un reportaje elaborado por el programa de <strong>TVE Comando Actualidad<\/strong>, dedicado a los nobles de Espa\u00f1a. Aqu\u00ed os dejo el enlace para que pod\u00e1is verlo:<\/p>\n<p><a href=\"http:\/\/www.rtve.es\/noticias\/20111003\/comando-actualidad-zona-noble\/465800.shtml\" target=\"_blank\"><img decoding=\"async\" class=\"aligncenter size-thumbnail wp-image-755\" title=\"Comando Actualidad-nobles\" src=\"http:\/\/josemariacastillejo.com\/wp-content\/uploads\/2011\/10\/Comando-Actualidad-nobles-150x150.jpg\" alt=\"\" width=\"150\" height=\"150\" \/><\/a><\/p>\n<p><!--more--><\/p>","protected":false},"excerpt":{"rendered":"<p>\u0644\u0642\u062f \u0623\u062a\u064a\u062d\u062a \u0644\u064a \u0627\u0644\u0641\u0631\u0635\u0629 \u0645\u0624\u062e\u0631\u064b\u0627 \u0644\u0644\u0645\u0634\u0627\u0631\u0643\u0629 \u0641\u064a \u062a\u0642\u0631\u064a\u0631 \u0623\u0646\u062a\u062c\u0647 \u0628\u0631\u0646\u0627\u0645\u062c \"\u0643\u0648\u0645\u0627\u0646\u062f\u0648 \u0623\u0643\u062a\u064a\u0627\u0644\u064a\u062f\u0627\u062f\" \u0627\u0644\u0630\u064a \u062a\u0628\u062b\u0647 \u0642\u0646\u0627\u0629 TVE\u060c \u0648\u0627\u0644\u0645\u062e\u0635\u0635 \u0644\u0646\u0628\u0644\u0627\u0621 \u0625\u0633\u0628\u0627\u0646\u064a\u0627. \u0625\u0644\u064a\u0643\u0645 \u0627\u0644\u0631\u0627\u0628\u0637 \u062d\u062a\u0649 \u062a\u062a\u0645\u0643\u0646\u0648\u0627 \u0645\u0646 \u0645\u0634\u0627\u0647\u062f\u062a\u0647:<\/p>","protected":false},"author":1,"featured_media":0,"comment_status":"open","ping_status":"open","sticky":false,"template":"","format":"standard","meta":{"footnotes":""},"categories":[9],"tags":[277,279,112,278],"class_list":["post-754","post","type-post","status-publish","format-standard","hentry","category-en-los-medios","tag-actualidad","tag-participar","tag-programa","tag-reportaje"],"_links":{"self":[{"href":"https:\/\/josemariacastillejo.com\/ar\/wp-json\/wp\/v2\/posts\/754","targetHints":{"allow":["GET"]}}],"collection":[{"href":"https:\/\/josemariacastillejo.com\/ar\/wp-json\/wp\/v2\/posts"}],"about":[{"href":"https:\/\/josemariacastillejo.com\/ar\/wp-json\/wp\/v2\/types\/post"}],"author":[{"embeddable":true,"href":"https:\/\/josemariacastillejo.com\/ar\/wp-json\/wp\/v2\/users\/1"}],"replies":[{"embeddable":true,"href":"https:\/\/josemariacastillejo.com\/ar\/wp-json\/wp\/v2\/comments?post=754"}],"version-history":[{"count":3,"href":"https:\/\/josemariacastillejo.com\/ar\/wp-json\/wp\/v2\/posts\/754\/revisions"}],"predecessor-version":[{"id":758,"href":"https:\/\/josemariacastillejo.com\/ar\/wp-json\/wp\/v2\/posts\/754\/revisions\/758"}],"wp:attachment":[{"href":"https:\/\/josemariacastillejo.com\/ar\/wp-json\/wp\/v2\/media?parent=754"}],"wp:term":[{"taxonomy":"category","embeddable":true,"href":"https:\/\/josemariacastillejo.com\/ar\/wp-json\/wp\/v2\/categories?post=754"},{"taxonomy":"post_tag","embeddable":true,"href":"https:\/\/josemariacastillejo.com\/ar\/wp-json\/wp\/v2\/tags?post=754"}],"curies":[{"name":"wp","href":"https:\/\/api.w.org\/{rel}","templated":true}]}}