{"id":771,"date":"2011-11-22T16:19:51","date_gmt":"2011-11-22T16:19:51","guid":{"rendered":"http:\/\/josemariacastillejo.com\/?p=771"},"modified":"2013-06-09T11:40:22","modified_gmt":"2013-06-09T11:40:22","slug":"pocoyo-y-unicef-por-los-derechos-de-la-infancia","status":"publish","type":"post","link":"https:\/\/josemariacastillejo.com\/en\/blog\/2011\/11\/22\/pocoyo-y-unicef-por-los-derechos-de-la-infancia\/","title":{"rendered":"POCOYO AND UNICEF FOR CHILDREN'S RIGHTS"},"content":{"rendered":"<p>Como ya sab\u00e9is, tanto <a href=\"http:\/\/www.zinkia.com\">Zinkia<\/a>, como <a href=\"http:\/\/www.pocoyo.com\" target=\"_blank\">Pocoyo<\/a> tienen un fuerte compromiso con la protecci\u00f3n de la infancia. El pasado mes de mayo, nuestra compa\u00f1\u00eda firmaba un acuerdo de colaboraci\u00f3n con <a href=\"http:\/\/www.unicef.es\" target=\"_blank\">UNICEF<\/a> para trabajar en favor de los ni\u00f1os en todo el mundo y se convert\u00eda en colaboradora de esta instituci\u00f3n.<\/p>\n<p>http:\/\/www.youtube.com\/watch?v=eOEhlMCBusU<\/p>\n<p><!--more--><\/p>\n<p>En este sentido, una de las \u00faltimas iniciativas que hemos desarrollado conjuntamente es la creaci\u00f3n de <strong>ocho <em>clips <\/em>audiovisuales en los que se habla de los derechos de los m\u00e1s peque\u00f1os<\/strong> en temas tan importantes como la familia, la identidad, la igualdad, el juego, la participaci\u00f3n, la educaci\u00f3n o la salud.<\/p>\n<p>Estas piezas se emitir\u00e1n durante los pr\u00f3ximos d\u00edas en distintos canales de televisi\u00f3n, nacionales e internacionales, y tambi\u00e9n se difundir\u00e1n a trav\u00e9s de distintos espacios web como <span style=\"text-decoration: underline;\"><a href=\"http:\/\/www.enredate.org\" target=\"_blank\">www.enredate.org<\/a>;<\/span> <span style=\"text-decoration: underline;\"><a href=\"http:\/\/www.pocoyo.com\/unicef_es\">www.pocoyo.com\/unicef_es<\/a><\/span> o plataformas online como <a href=\"http:\/\/tv.unicef.es\/\" target=\"_blank\">Unicef TV<\/a>, el portal de <a href=\"http:\/\/www.rtve.es\/infantil\/\" target=\"_blank\">ClanTV<\/a> o <a href=\"http:\/\/www.youtube.com\" target=\"_blank\">Youtube<\/a>, entre otros.<\/p>\n<p>&nbsp;<\/p>","protected":false},"excerpt":{"rendered":"<p>As you already know, both Zinkia and Pocoy\u00f3 have a strong commitment to the protection of children. Last May, our company signed a collaboration agreement with UNICEF to work in favor of children around the world and became a collaborator of this institution. http:\/\/www.youtube.com\/watch?v=eOEhlMCBusU<\/p>","protected":false},"author":1,"featured_media":1640,"comment_status":"open","ping_status":"open","sticky":false,"template":"","format":"standard","meta":{"footnotes":""},"categories":[5],"tags":[281,16,280,12],"class_list":["post-771","post","type-post","status-publish","format-standard","has-post-thumbnail","hentry","category-pocoyo","tag-derechos-infancia","tag-pocoyo-2","tag-unicef","tag-zinkia-2"],"_links":{"self":[{"href":"https:\/\/josemariacastillejo.com\/en\/wp-json\/wp\/v2\/posts\/771","targetHints":{"allow":["GET"]}}],"collection":[{"href":"https:\/\/josemariacastillejo.com\/en\/wp-json\/wp\/v2\/posts"}],"about":[{"href":"https:\/\/josemariacastillejo.com\/en\/wp-json\/wp\/v2\/types\/post"}],"author":[{"embeddable":true,"href":"https:\/\/josemariacastillejo.com\/en\/wp-json\/wp\/v2\/users\/1"}],"replies":[{"embeddable":true,"href":"https:\/\/josemariacastillejo.com\/en\/wp-json\/wp\/v2\/comments?post=771"}],"version-history":[{"count":3,"href":"https:\/\/josemariacastillejo.com\/en\/wp-json\/wp\/v2\/posts\/771\/revisions"}],"predecessor-version":[{"id":1641,"href":"https:\/\/josemariacastillejo.com\/en\/wp-json\/wp\/v2\/posts\/771\/revisions\/1641"}],"wp:featuredmedia":[{"embeddable":true,"href":"https:\/\/josemariacastillejo.com\/en\/wp-json\/wp\/v2\/media\/1640"}],"wp:attachment":[{"href":"https:\/\/josemariacastillejo.com\/en\/wp-json\/wp\/v2\/media?parent=771"}],"wp:term":[{"taxonomy":"category","embeddable":true,"href":"https:\/\/josemariacastillejo.com\/en\/wp-json\/wp\/v2\/categories?post=771"},{"taxonomy":"post_tag","embeddable":true,"href":"https:\/\/josemariacastillejo.com\/en\/wp-json\/wp\/v2\/tags?post=771"}],"curies":[{"name":"wp","href":"https:\/\/api.w.org\/{rel}","templated":true}]}}