{"id":802,"date":"2011-12-02T13:24:29","date_gmt":"2011-12-02T13:24:29","guid":{"rendered":"http:\/\/josemariacastillejo.com\/?p=802"},"modified":"2011-12-09T07:43:08","modified_gmt":"2011-12-09T07:43:08","slug":"toyceria-estambul","status":"publish","type":"post","link":"https:\/\/josemariacastillejo.com\/en\/blog\/2011\/12\/02\/toyceria-estambul\/","title":{"rendered":"TOYZERIA, ISTANBUL"},"content":{"rendered":"<p style=\"text-align: justify;\">Se ha celebrado esta semana en Estambul la <span style=\"text-decoration: underline;\"><strong>Feria de Licencias Toyzeria<\/strong><\/span>. Es la primera vez que <a href=\"http:\/\/www.pocoyo.com\/\" target=\"_blank\">Pocoyo<\/a> asiste a esta Feria y he venido para conocer de primera mano a nuestros futuros licenciatarios, ver el stand que ten\u00eda Pocoyo en la Feria y ver algunos de los productos que ya est\u00e1n desarrollados para ser lanzados en este mercado.<\/p>\n<p style=\"text-align: justify;\">\u00a0<\/p>\n<p style=\"text-align: justify;\"><a href=\"http:\/\/josemariacastillejo.com\/wp-content\/uploads\/2011\/12\/IMG_11231.jpg\"><img fetchpriority=\"high\" decoding=\"async\" class=\"aligncenter size-medium wp-image-806\" title=\"IMG_1123\" src=\"http:\/\/josemariacastillejo.com\/wp-content\/uploads\/2011\/12\/IMG_11231-300x224.jpg\" alt=\"\" width=\"300\" height=\"224\" srcset=\"https:\/\/josemariacastillejo.com\/wp-content\/uploads\/2011\/12\/IMG_11231-300x224.jpg 300w, https:\/\/josemariacastillejo.com\/wp-content\/uploads\/2011\/12\/IMG_11231-1024x764.jpg 1024w\" sizes=\"(max-width: 300px) 100vw, 300px\" \/><\/a><\/p>\n<p style=\"text-align: justify;\"><!--more--><\/p>\n<p style=\"text-align: justify;\">Como se puede ver en el cartel de la Feria, el personaje central de la misma es\u2026. <strong>\u00a1\u00a1\u00a1Pocoy\u00f3!!!!<\/strong><\/p>\n<p style=\"text-align: justify;\">\u00a0He podido percibir un gran aprecio por la marca, una gran afici\u00f3n por parte de los ni\u00f1os a Pocoy\u00f3, muchas ganas por parte de los futuros y potenciales licenciatarios y\u00a0enormes ganas de empezar a trabajar por parte de nuestros agentes locales.<\/p>\n<p style=\"text-align: justify;\">\u00a0Es mi segunda visita en menos de seis meses y se ve que el entusiasmo est\u00e1 permeando a todos los niveles de la organizaci\u00f3n.\u00a0 Pude probar galletas hechas con la efigie de Pocoy\u00f3, ayudar a una ni\u00f1a a soplar las velas por su cumplea\u00f1os en una tarta con <strong>Pocoy\u00f3, Elly y Pato<\/strong>, ver como otro ni\u00f1o se daba un paseo en un coche el\u00e9ctrico con Pocoy\u00f3, como otro tocaba la bater\u00eda y como muchos se acercaban a saludar y a hacerse fotos con el propio Pocoy\u00f3 cuando sali\u00f3 de su camerino!!!!<a href=\"http:\/\/josemariacastillejo.com\/wp-content\/uploads\/2011\/12\/IMG_1144.jpg\"><img decoding=\"async\" class=\"alignleft size-medium wp-image-804\" title=\"IMG_1144\" src=\"http:\/\/josemariacastillejo.com\/wp-content\/uploads\/2011\/12\/IMG_1144-300x224.jpg\" alt=\"\" width=\"300\" height=\"224\" srcset=\"https:\/\/josemariacastillejo.com\/wp-content\/uploads\/2011\/12\/IMG_1144-300x224.jpg 300w, https:\/\/josemariacastillejo.com\/wp-content\/uploads\/2011\/12\/IMG_1144-1024x764.jpg 1024w\" sizes=\"(max-width: 300px) 100vw, 300px\" \/><\/a><\/p>\n<p style=\"text-align: justify;\">Creo que las bases para que el a\u00f1o 2012 sea un gran a\u00f1o para Pocoy\u00f3 y el primero de un largo n\u00famero de a\u00f1os en Turqu\u00eda, est\u00e1n puestas.<\/p>","protected":false},"excerpt":{"rendered":"<p>The Toyzeria Licensing Fair was held this week in Istanbul. It is the first time that Pocoyo attends this fair and I came to meet first hand our future licensees, to see the stand that Pocoyo had at the fair and to see some of the products that are already developed to be [...]<\/p>","protected":false},"author":1,"featured_media":0,"comment_status":"open","ping_status":"open","sticky":false,"template":"","format":"standard","meta":{"footnotes":""},"categories":[5],"tags":[288,107,139,268,87,289,106,16],"class_list":["post-802","post","type-post","status-publish","format-standard","hentry","category-pocoyo","tag-cartel","tag-elly","tag-feria","tag-licencia","tag-marca","tag-ninos","tag-pato","tag-pocoyo-2"],"_links":{"self":[{"href":"https:\/\/josemariacastillejo.com\/en\/wp-json\/wp\/v2\/posts\/802","targetHints":{"allow":["GET"]}}],"collection":[{"href":"https:\/\/josemariacastillejo.com\/en\/wp-json\/wp\/v2\/posts"}],"about":[{"href":"https:\/\/josemariacastillejo.com\/en\/wp-json\/wp\/v2\/types\/post"}],"author":[{"embeddable":true,"href":"https:\/\/josemariacastillejo.com\/en\/wp-json\/wp\/v2\/users\/1"}],"replies":[{"embeddable":true,"href":"https:\/\/josemariacastillejo.com\/en\/wp-json\/wp\/v2\/comments?post=802"}],"version-history":[{"count":4,"href":"https:\/\/josemariacastillejo.com\/en\/wp-json\/wp\/v2\/posts\/802\/revisions"}],"predecessor-version":[{"id":856,"href":"https:\/\/josemariacastillejo.com\/en\/wp-json\/wp\/v2\/posts\/802\/revisions\/856"}],"wp:attachment":[{"href":"https:\/\/josemariacastillejo.com\/en\/wp-json\/wp\/v2\/media?parent=802"}],"wp:term":[{"taxonomy":"category","embeddable":true,"href":"https:\/\/josemariacastillejo.com\/en\/wp-json\/wp\/v2\/categories?post=802"},{"taxonomy":"post_tag","embeddable":true,"href":"https:\/\/josemariacastillejo.com\/en\/wp-json\/wp\/v2\/tags?post=802"}],"curies":[{"name":"wp","href":"https:\/\/api.w.org\/{rel}","templated":true}]}}