{"id":1053,"date":"2012-09-28T07:48:52","date_gmt":"2012-09-28T07:48:52","guid":{"rendered":"http:\/\/josemariacastillejo.com\/?p=1053"},"modified":"2013-06-09T11:46:40","modified_gmt":"2013-06-09T11:46:40","slug":"pocoyo-y-jose-manuel-calderon-juntos-por-unicef","status":"publish","type":"post","link":"https:\/\/josemariacastillejo.com\/es\/blog\/2012\/09\/28\/pocoyo-y-jose-manuel-calderon-juntos-por-unicef\/","title":{"rendered":"POCOY\u00d3 Y JOS\u00c9 MANUEL CALDER\u00d3N, JUNTOS POR UNICEF"},"content":{"rendered":"<p style=\"text-align: justify;\">Pese a que la educaci\u00f3n es un derecho fundamental de los m\u00e1s peque\u00f1os y constituye un factor clave para el desarrollo de la sociedad, en algunos pa\u00edses como <strong><a href=\"http:\/\/es.wikipedia.org\/wiki\/Nigeria\" target=\"_blank\">Nigeria<\/a><\/strong> menos de la mitad de los escolares completan su educaci\u00f3n primaria.<\/p>\n<p style=\"text-align: justify;\"><a href=\"http:\/\/josemariacastillejo.com\/wp-content\/uploads\/2012\/09\/310405_10151174910438217_1504144130_n1.jpg\"><img fetchpriority=\"high\" decoding=\"async\" class=\"aligncenter size-medium wp-image-1055\" title=\"310405_10151174910438217_1504144130_n\" alt=\"\" src=\"http:\/\/josemariacastillejo.com\/wp-content\/uploads\/2012\/09\/310405_10151174910438217_1504144130_n1-300x300.jpg\" width=\"300\" height=\"300\" srcset=\"https:\/\/josemariacastillejo.com\/wp-content\/uploads\/2012\/09\/310405_10151174910438217_1504144130_n1-300x300.jpg 300w, https:\/\/josemariacastillejo.com\/wp-content\/uploads\/2012\/09\/310405_10151174910438217_1504144130_n1-150x150.jpg 150w, https:\/\/josemariacastillejo.com\/wp-content\/uploads\/2012\/09\/310405_10151174910438217_1504144130_n1.jpg 403w\" sizes=\"(max-width: 300px) 100vw, 300px\" \/><\/a><\/p>\n<p style=\"text-align: justify;\"><!--more-->Una situaci\u00f3n desoladora que, en muchos casos, est\u00e1 directamente relacionada con la falta de espacios adecuados para impartir las clases, que incluso carecen de elementos b\u00e1sicos como el acceso a agua potable e instalaciones de saneamiento.<\/p>\n<p style=\"text-align: justify;\">Por este motivo, <a href=\"http:\/\/www.pocoyo.com\/\" target=\"_blank\">Pocoy\u00f3 <\/a>y <a href=\"http:\/\/www.josemanuelcalderon.com\/\" target=\"_blank\">Jos\u00e9 Manuel Calder\u00f3n <\/a>se han unido este a\u00f1o a <a href=\"https:\/\/www.unicef.es\/cooperacion-internacional\/donar-ong\/hacer-donacion\/ayuda-urgente-en-siria?gclid=CLjm663j17ICFcPHtAodkkkABQ\" target=\"_blank\">UNICEF Espa\u00f1a <\/a>en la campa\u00f1a <a href=\"http:\/\/www.unicef.es\/infancia\/proyectos-desarrollo-cooperacion\/iniciativas\/gotas-para-niger\" target=\"_blank\">\u201cGotas para N\u00edger\u201d, <\/a>con el fin de contribuir a que la infancia en N\u00edger vea cumplido su derecho a la formaci\u00f3n y animar a los centros educativos espa\u00f1oles a participar y as\u00ed sumar peque\u00f1os esfuerzos que contribuyan a llevar a un mill\u00f3n de ni\u00f1os y ni\u00f1as nigerianos a la escuela.<\/p>\n<p style=\"text-align: justify;\">Durante estas semanas, Calder\u00f3n y Pocoy\u00f3 protagonizan una serie de piezas promocionales que est\u00e1n difundiendo a trav\u00e9s de los canales online oficiales de Pocoy\u00f3 (<a href=\"http:\/\/www.youtube.com\/pocoyounicef\">www.youtube.com\/pocoyounicef<\/a>)\u00a0 y UNICEF (<a href=\"http:\/\/www.unicef.es\/\">www.unicef.es<\/a>).<\/p>\n<p style=\"text-align: justify;\">En la protagonizada por Pocoy\u00f3, \u00e9ste y su amigo Pato viven en primera persona la aventura de llevar agua a una escuela donde no hay una fuente de agua potable. Esta pieza, producida por<a href=\"http:\/\/www.zinkia.com\/\" target=\"_blank\"> Zinkia <\/a>a favor de UNICEF, narra de un modo f\u00e1cilmente comprensible por los m\u00e1s peque\u00f1os una dura realidad cotidiana en N\u00edger: s\u00f3lo el 15% de las escuelas nigerinas tienen acceso a agua potable.<\/p>\n<p style=\"text-align: justify;\">\u00a0Os pido a todos los lectores que dediqu\u00e9is unos minutos a conocer la propuesta y que, contribuy\u00e1is a su difusi\u00f3n.<\/p>\n<p style=\"text-align: justify;\">\n","protected":false},"excerpt":{"rendered":"<p>Pese a que la educaci\u00f3n es un derecho fundamental de los m\u00e1s peque\u00f1os y constituye un factor clave para el desarrollo de la sociedad, en algunos pa\u00edses como Nigeria menos de la mitad de los escolares completan su educaci\u00f3n primaria.<\/p>\n","protected":false},"author":1,"featured_media":392,"comment_status":"open","ping_status":"open","sticky":false,"template":"","format":"standard","meta":{"footnotes":""},"categories":[5],"tags":[321,118,456,455,289,16,52,12],"class_list":["post-1053","post","type-post","status-publish","format-standard","has-post-thumbnail","hentry","category-pocoyo","tag-campana","tag-derechos","tag-escolares","tag-nigeria","tag-ninos","tag-pocoyo-2","tag-sociedad","tag-zinkia-2"],"_links":{"self":[{"href":"https:\/\/josemariacastillejo.com\/es\/wp-json\/wp\/v2\/posts\/1053","targetHints":{"allow":["GET"]}}],"collection":[{"href":"https:\/\/josemariacastillejo.com\/es\/wp-json\/wp\/v2\/posts"}],"about":[{"href":"https:\/\/josemariacastillejo.com\/es\/wp-json\/wp\/v2\/types\/post"}],"author":[{"embeddable":true,"href":"https:\/\/josemariacastillejo.com\/es\/wp-json\/wp\/v2\/users\/1"}],"replies":[{"embeddable":true,"href":"https:\/\/josemariacastillejo.com\/es\/wp-json\/wp\/v2\/comments?post=1053"}],"version-history":[{"count":4,"href":"https:\/\/josemariacastillejo.com\/es\/wp-json\/wp\/v2\/posts\/1053\/revisions"}],"predecessor-version":[{"id":1647,"href":"https:\/\/josemariacastillejo.com\/es\/wp-json\/wp\/v2\/posts\/1053\/revisions\/1647"}],"wp:featuredmedia":[{"embeddable":true,"href":"https:\/\/josemariacastillejo.com\/es\/wp-json\/wp\/v2\/media\/392"}],"wp:attachment":[{"href":"https:\/\/josemariacastillejo.com\/es\/wp-json\/wp\/v2\/media?parent=1053"}],"wp:term":[{"taxonomy":"category","embeddable":true,"href":"https:\/\/josemariacastillejo.com\/es\/wp-json\/wp\/v2\/categories?post=1053"},{"taxonomy":"post_tag","embeddable":true,"href":"https:\/\/josemariacastillejo.com\/es\/wp-json\/wp\/v2\/tags?post=1053"}],"curies":[{"name":"wp","href":"https:\/\/api.w.org\/{rel}","templated":true}]}}