{"id":1408,"date":"2013-05-29T14:39:33","date_gmt":"2013-05-29T14:39:33","guid":{"rendered":"http:\/\/josemariacastillejo.com\/?p=1408"},"modified":"2013-05-29T14:39:33","modified_gmt":"2013-05-29T14:39:33","slug":"entrevista-en-gestiona-radio-3","status":"publish","type":"post","link":"https:\/\/josemariacastillejo.com\/es\/blog\/2013\/05\/29\/entrevista-en-gestiona-radio-3\/","title":{"rendered":"Entrevista en Gestiona Radio"},"content":{"rendered":"<p>El lunes 27 de mayo particip\u00e9 en el programa <strong>\u00abPulso Empresarial\u00bb<\/strong> de <a title=\"Gestiona Radio\" href=\"http:\/\/www.gestionaradio.com\/\" target=\"_blank\">Gestiona Radio<\/a>. Hablamos de la trayectoria de <a title=\"Zinkia\" href=\"http:\/\/www.zinkia.com\" target=\"_blank\">Zinkia<\/a>, de c\u00f3mo <a title=\"Pocoy\u00f3\" href=\"http:\/\/www.pocoyo.com\" target=\"_blank\">Pocoy\u00f3<\/a> ha ido creciendo y de cu\u00e1les son nuestras perspectivas de futuro que, como sab\u00e9is, est\u00e1n muy centradas en el \u00e1mbito internacional. Os invito a escucharla.<\/p>\n<p><a title=\"Entrevista Gestiona Radio\" href=\"http:\/\/josemariacastillejo.com\/wp-content\/uploads\/2013\/05\/2013_05_27_18_20_entrevista_zinkia.mp3\"><img fetchpriority=\"high\" decoding=\"async\" class=\"aligncenter size-full wp-image-1412\" alt=\"pulso empresarial\" src=\"http:\/\/josemariacastillejo.com\/wp-content\/uploads\/2013\/05\/pulso-empresarial.jpg\" width=\"444\" height=\"142\" srcset=\"https:\/\/josemariacastillejo.com\/wp-content\/uploads\/2013\/05\/pulso-empresarial.jpg 444w, https:\/\/josemariacastillejo.com\/wp-content\/uploads\/2013\/05\/pulso-empresarial-300x95.jpg 300w\" sizes=\"(max-width: 444px) 100vw, 444px\" \/><\/a><\/p>\n","protected":false},"excerpt":{"rendered":"<p>El lunes 27 de mayo particip\u00e9 en el programa \u00abPulso Empresarial\u00bb de Gestiona Radio. Hablamos de la trayectoria de Zinkia, de c\u00f3mo Pocoy\u00f3 ha ido creciendo y de cu\u00e1les son nuestras perspectivas de futuro que, como sab\u00e9is, est\u00e1n muy centradas en el \u00e1mbito internacional. Os invito a escucharla.<\/p>\n","protected":false},"author":1,"featured_media":1409,"comment_status":"open","ping_status":"open","sticky":false,"template":"","format":"standard","meta":{"footnotes":""},"categories":[9],"tags":[499,16,616,12],"class_list":["post-1408","post","type-post","status-publish","format-standard","has-post-thumbnail","hentry","category-en-los-medios","tag-gestiona-radio","tag-pocoyo-2","tag-pulso-empresarial","tag-zinkia-2"],"_links":{"self":[{"href":"https:\/\/josemariacastillejo.com\/es\/wp-json\/wp\/v2\/posts\/1408","targetHints":{"allow":["GET"]}}],"collection":[{"href":"https:\/\/josemariacastillejo.com\/es\/wp-json\/wp\/v2\/posts"}],"about":[{"href":"https:\/\/josemariacastillejo.com\/es\/wp-json\/wp\/v2\/types\/post"}],"author":[{"embeddable":true,"href":"https:\/\/josemariacastillejo.com\/es\/wp-json\/wp\/v2\/users\/1"}],"replies":[{"embeddable":true,"href":"https:\/\/josemariacastillejo.com\/es\/wp-json\/wp\/v2\/comments?post=1408"}],"version-history":[{"count":8,"href":"https:\/\/josemariacastillejo.com\/es\/wp-json\/wp\/v2\/posts\/1408\/revisions"}],"predecessor-version":[{"id":1418,"href":"https:\/\/josemariacastillejo.com\/es\/wp-json\/wp\/v2\/posts\/1408\/revisions\/1418"}],"wp:featuredmedia":[{"embeddable":true,"href":"https:\/\/josemariacastillejo.com\/es\/wp-json\/wp\/v2\/media\/1409"}],"wp:attachment":[{"href":"https:\/\/josemariacastillejo.com\/es\/wp-json\/wp\/v2\/media?parent=1408"}],"wp:term":[{"taxonomy":"category","embeddable":true,"href":"https:\/\/josemariacastillejo.com\/es\/wp-json\/wp\/v2\/categories?post=1408"},{"taxonomy":"post_tag","embeddable":true,"href":"https:\/\/josemariacastillejo.com\/es\/wp-json\/wp\/v2\/tags?post=1408"}],"curies":[{"name":"wp","href":"https:\/\/api.w.org\/{rel}","templated":true}]}}