{"id":809,"date":"2011-12-02T13:42:46","date_gmt":"2011-12-02T13:42:46","guid":{"rendered":"http:\/\/josemariacastillejo.com\/?p=809"},"modified":"2013-06-07T20:34:48","modified_gmt":"2013-06-07T20:34:48","slug":"vuelo-a-las-landas-francia","status":"publish","type":"post","link":"https:\/\/josemariacastillejo.com\/es\/blog\/2011\/12\/02\/vuelo-a-las-landas-francia\/","title":{"rendered":"VUELO A LAS LANDAS, FRANCIA"},"content":{"rendered":"<p style=\"text-align: justify;\">Con ocasi\u00f3n de la<strong> <a href=\"http:\/\/es.wikipedia.org\/wiki\/Fiestas_del_Pilar\" target=\"_blank\">Fiesta de la Virgen del Pilar <\/a><\/strong>y como\u00a0fue <strong>d\u00eda de fiesta en Espa\u00f1a<\/strong>, aprovechamos para, finalmente poder conocer la bell\u00edsima finca que en las<a href=\"http:\/\/es.wikipedia.org\/wiki\/Landas\" target=\"_blank\"> Landas francesas<\/a>, a pocos kil\u00f3metros de Biarritz, tienen mi querido amigo Juan\u00a0 Manuel Cremades y su esposa, Miriam S\u00e1nchez Oca\u00f1a. Nos hab\u00edan invitado en multitud de ocasiones, pero la verdad es que hasta\u00a0esta fecha no\u00a0hab\u00eda tenido la oportunidad de escaparme a conocerla.<\/p>\n<p style=\"text-align: justify;\"><a href=\"http:\/\/josemariacastillejo.com\/wp-content\/uploads\/2011\/12\/IMG_17381.jpg\"><img fetchpriority=\"high\" decoding=\"async\" class=\"aligncenter size-medium wp-image-811\" title=\"IMG_1738\" alt=\"\" src=\"http:\/\/josemariacastillejo.com\/wp-content\/uploads\/2011\/12\/IMG_17381-300x224.jpg\" width=\"300\" height=\"224\" srcset=\"https:\/\/josemariacastillejo.com\/wp-content\/uploads\/2011\/12\/IMG_17381-300x224.jpg 300w, https:\/\/josemariacastillejo.com\/wp-content\/uploads\/2011\/12\/IMG_17381-1024x764.jpg 1024w\" sizes=\"(max-width: 300px) 100vw, 300px\" \/><\/a><\/p>\n<p style=\"text-align: justify;\"><!--more--><\/p>\n<p style=\"text-align: justify;\">Nos subimos en la <strong>Push-Pull <\/strong>de I\u00f1igo, una <a href=\"http:\/\/es.wikipedia.org\/wiki\/Cessna_310_\/_320\" target=\"_blank\">Cessna bimotor <\/a>que se hizo muy famosa por su seguridad y resistencia en la <strong>Guerra del Vietnam <\/strong>y que luego se convirti\u00f3 en unos de los aviones m\u00e1s seguros para aviaci\u00f3n civil particular. Hac\u00eda tiempo que no pilotaba y la verdad es que fue un placer volver a hacerlo. Especialmente en un avi\u00f3n como este, que ofrece unas sensaciones tan particulares.<a href=\"http:\/\/josemariacastillejo.com\/wp-content\/uploads\/2011\/12\/IMG_1734.jpg\"><img decoding=\"async\" class=\"alignleft size-medium wp-image-812\" title=\"IMG_1734\" alt=\"\" src=\"http:\/\/josemariacastillejo.com\/wp-content\/uploads\/2011\/12\/IMG_1734-224x300.jpg\" width=\"224\" height=\"300\" srcset=\"https:\/\/josemariacastillejo.com\/wp-content\/uploads\/2011\/12\/IMG_1734-224x300.jpg 224w, https:\/\/josemariacastillejo.com\/wp-content\/uploads\/2011\/12\/IMG_1734-764x1024.jpg 764w, https:\/\/josemariacastillejo.com\/wp-content\/uploads\/2011\/12\/IMG_1734.jpg 1936w\" sizes=\"(max-width: 224px) 100vw, 224px\" \/><\/a><\/p>\n<p style=\"text-align: justify;\">\n<p style=\"text-align: justify;\">Fue lo que se dice un viaje rel\u00e1mpago. Salimos el jueves por la ma\u00f1ana y el viernes por la tarde ya est\u00e1bamos de vuelta. Aterrizamos en <strong>Pamplona<\/strong>, porque <strong>San Sebasti\u00e1n <\/strong>ese d\u00eda estaba cerrado y no pudimos hacerlo tampoco en <strong><a href=\"http:\/\/es.wikipedia.org\/wiki\/Biarritz\" target=\"_blank\">Biarritz<\/a><\/strong>, lo que nos permiti\u00f3 probar unos incre\u00edbles pimientos del piquillo en Pamplona, cenar en casa de Juan Manuel en Francia, darme un largo paseo desde antes del amanecer por el campo para ver y o\u00edr ladrar los corzos, primero entre los campos reci\u00e9n cosechados de girasol y despu\u00e9s escondidos entre la frondosidad de unos bosques que en Espa\u00f1a nos dan envidia y finalmente despegar de Pamplona de nuevo, sobrevolar y contemplar <strong>Segovia<\/strong>, su <a href=\"http:\/\/es.wikipedia.org\/wiki\/Catedral_de_Santa_Mar%C3%ADa_de_Segovia\" target=\"_blank\">Catedral<\/a> y su <a href=\"http:\/\/www.alcazardesegovia.com\/\" target=\"_blank\">Alcazar<\/a> desde el aire y, como dec\u00eda, dormir de nuevo en casa, el viernes por la noche.<\/p>\n<p style=\"text-align: justify;\">Y me vine adem\u00e1s con un buen cargamento de quesos y un buen cargamento de <strong>foie y pa<\/strong>t\u00e9s. No hay que olvidar que es precisamente en esa zona de Francia donde se elaboran los mejores foies y los mejores pat\u00e9s.<\/p>\n<p style=\"text-align: justify;\">\n<p style=\"text-align: justify;\"><a href=\"http:\/\/josemariacastillejo.com\/wp-content\/uploads\/2011\/12\/IMG_17531.jpg\"><img decoding=\"async\" class=\"aligncenter size-medium wp-image-822\" title=\"IMG_1753\" alt=\"\" src=\"http:\/\/josemariacastillejo.com\/wp-content\/uploads\/2011\/12\/IMG_17531-300x224.jpg\" width=\"300\" height=\"224\" srcset=\"https:\/\/josemariacastillejo.com\/wp-content\/uploads\/2011\/12\/IMG_17531-300x224.jpg 300w, https:\/\/josemariacastillejo.com\/wp-content\/uploads\/2011\/12\/IMG_17531-1024x764.jpg 1024w\" sizes=\"(max-width: 300px) 100vw, 300px\" \/><\/a><\/p>\n<p style=\"text-align: justify;\">\n<p style=\"text-align: justify;\"><a href=\"http:\/\/josemariacastillejo.com\/wp-content\/uploads\/2011\/12\/IMG_17511.jpg\"><img loading=\"lazy\" decoding=\"async\" class=\"aligncenter size-medium wp-image-821\" title=\"IMG_1751\" alt=\"\" src=\"http:\/\/josemariacastillejo.com\/wp-content\/uploads\/2011\/12\/IMG_17511-224x300.jpg\" width=\"224\" height=\"300\" srcset=\"https:\/\/josemariacastillejo.com\/wp-content\/uploads\/2011\/12\/IMG_17511-224x300.jpg 224w, https:\/\/josemariacastillejo.com\/wp-content\/uploads\/2011\/12\/IMG_17511-764x1024.jpg 764w, https:\/\/josemariacastillejo.com\/wp-content\/uploads\/2011\/12\/IMG_17511.jpg 1936w\" sizes=\"(max-width: 224px) 100vw, 224px\" \/><\/a><\/p>\n","protected":false},"excerpt":{"rendered":"<p>Volamos en la Cessna Push Pull al Sur de Francia, a casa de unos amigos<\/p>\n","protected":false},"author":1,"featured_media":1531,"comment_status":"open","ping_status":"open","sticky":false,"template":"","format":"standard","meta":{"footnotes":""},"categories":[7],"tags":[294,293,86,290,291,292,296,295,137],"class_list":["post-809","post","type-post","status-publish","format-standard","has-post-thumbnail","hentry","category-living","tag-avion","tag-bimotor","tag-espana","tag-fiesta","tag-finca","tag-francia","tag-vinos","tag-vuelo","tag-zona"],"_links":{"self":[{"href":"https:\/\/josemariacastillejo.com\/es\/wp-json\/wp\/v2\/posts\/809","targetHints":{"allow":["GET"]}}],"collection":[{"href":"https:\/\/josemariacastillejo.com\/es\/wp-json\/wp\/v2\/posts"}],"about":[{"href":"https:\/\/josemariacastillejo.com\/es\/wp-json\/wp\/v2\/types\/post"}],"author":[{"embeddable":true,"href":"https:\/\/josemariacastillejo.com\/es\/wp-json\/wp\/v2\/users\/1"}],"replies":[{"embeddable":true,"href":"https:\/\/josemariacastillejo.com\/es\/wp-json\/wp\/v2\/comments?post=809"}],"version-history":[{"count":9,"href":"https:\/\/josemariacastillejo.com\/es\/wp-json\/wp\/v2\/posts\/809\/revisions"}],"predecessor-version":[{"id":820,"href":"https:\/\/josemariacastillejo.com\/es\/wp-json\/wp\/v2\/posts\/809\/revisions\/820"}],"wp:featuredmedia":[{"embeddable":true,"href":"https:\/\/josemariacastillejo.com\/es\/wp-json\/wp\/v2\/media\/1531"}],"wp:attachment":[{"href":"https:\/\/josemariacastillejo.com\/es\/wp-json\/wp\/v2\/media?parent=809"}],"wp:term":[{"taxonomy":"category","embeddable":true,"href":"https:\/\/josemariacastillejo.com\/es\/wp-json\/wp\/v2\/categories?post=809"},{"taxonomy":"post_tag","embeddable":true,"href":"https:\/\/josemariacastillejo.com\/es\/wp-json\/wp\/v2\/tags?post=809"}],"curies":[{"name":"wp","href":"https:\/\/api.w.org\/{rel}","templated":true}]}}