{"id":1175,"date":"2013-03-25T16:09:28","date_gmt":"2013-03-25T16:09:28","guid":{"rendered":"http:\/\/josemariacastillejo.com\/?p=1175"},"modified":"2013-05-10T11:41:29","modified_gmt":"2013-05-10T11:41:29","slug":"pocoyo-ayudara-a-reducir-la-brecha-educativa-entre-la-poblacion-infantil-hispana-en-eeuu","status":"publish","type":"post","link":"https:\/\/josemariacastillejo.com\/fr\/blog\/2013\/03\/25\/pocoyo-ayudara-a-reducir-la-brecha-educativa-entre-la-poblacion-infantil-hispana-en-eeuu\/","title":{"rendered":"Pocoyo contribuera \u00e0 combler le foss\u00e9 \u00e9ducatif chez les enfants hispaniques aux \u00c9tats-Unis"},"content":{"rendered":"<p>La semaine derni\u00e8re, je me suis rendu aux \u00c9tats-Unis, o\u00f9 vous savez d\u00e9j\u00e0 que la pr\u00e9sence de la <a href=\"http:\/\/www.pocoyo.com\/\">Pocoyo<\/a> continue de se d\u00e9velopper jour apr\u00e8s jour, et j'ai eu l'occasion d'assister \u00e0 la pr\u00e9sentation d'une nouvelle initiative dans laquelle nous sommes plong\u00e9s.<\/p>\n<p><a href=\"http:\/\/www.zinkia.com\/\">Zinkia<\/a> a \u00e9t\u00e9 choisi par l'organisation <a href=\"http:\/\/www.hitn.org\/\">HITN<\/a> (R\u00e9seau hispanique d'information et de t\u00e9l\u00e9communications) pour participer \u00e0 la conf\u00e9rence de l'Union europ\u00e9enne. <a href=\"http:\/\/www.youtube.com\/watch?edit=vd&amp;v=32JqLgDV4o8\">un projet \u00e9ducatif<\/a> vise \u00e0 promouvoir les comp\u00e9tences linguistiques, principalement l'anglais, et les connaissances math\u00e9matiques chez les enfants \u00e2g\u00e9s de trois \u00e0 cinq ans dont la langue maternelle est l'espagnol. L'objectif ultime est de r\u00e9duire le foss\u00e9 \u00e9ducatif qui existe entre les enfants latinos issus de milieux \u00e9conomiques et sociaux diff\u00e9rents avant qu'ils n'entrent dans le syst\u00e8me scolaire.<\/p>\n<p><!--more--><\/p>\n<p>\u00c0 cette fin, une collection d'applications a \u00e9t\u00e9 d\u00e9velopp\u00e9e pour les tablettes et les t\u00e9l\u00e9phones portables mettant en vedette Pocoy\u00f3, avec le soutien, entre autres, du programme <i><a href=\"http:\/\/www2.ed.gov\/programs\/rtltv\/index.html\">Pr\u00eat \u00e0 apprendre,<\/a><\/i> Le projet est soutenu par le minist\u00e8re am\u00e9ricain de l'\u00e9ducation, de l'innovation et du d\u00e9veloppement.<\/p>\n<p>Washington a \u00e9t\u00e9 choisi pour accueillir le <i>lancement <\/i>Jos\u00e9 Luis Rodr\u00edguez, pr\u00e9sident-directeur g\u00e9n\u00e9ral de HITN, Maryann Marapodi, directrice de l'exploitation de HITN, Kristin Marin, productrice ex\u00e9cutive du projet, Michael Cohen, pr\u00e9sident du Michael Cohen Group, et moi-m\u00eame avons particip\u00e9 \u00e0 l'\u00e9v\u00e9nement. Nous comptons \u00e9galement parmi nous certains des plus grands experts du pays en mati\u00e8re d'\u00e9ducation, tels que B\u00e1rbara Boman, Yolanda Garc\u00eda et Robert Rodr\u00edguez. Vous connaissez peut-\u00eatre ce dernier parce qu'il est le conseiller du pr\u00e9sident Barack Obama en mati\u00e8re d'\u00e9ducation.<\/p>\n<p>Pour ceux qui ne connaissent pas HITN, il s'agit de l'une des principales soci\u00e9t\u00e9s de m\u00e9dias non commerciaux en langue espagnole, qui fournit des programmes \u00e9ducatifs \u00e0 plus de 40 millions de foyers \u00e0 travers les \u00c9tats-Unis.<\/p>\n<p>Sur cette photo, j'apparais avec Jos\u00e9 Luis Rodr\u00edguez et Robert Rodr\u00edguez.<\/p>\n<p><a href=\"http:\/\/josemariacastillejo.com\/wp-content\/uploads\/2013\/03\/HITN.jpg\"><img fetchpriority=\"high\" decoding=\"async\" class=\"aligncenter size-medium wp-image-1181\" alt=\"HITN\" src=\"http:\/\/josemariacastillejo.com\/wp-content\/uploads\/2013\/03\/HITN-300x266.jpg\" width=\"300\" height=\"266\" srcset=\"https:\/\/josemariacastillejo.com\/wp-content\/uploads\/2013\/03\/HITN-300x266.jpg 300w, https:\/\/josemariacastillejo.com\/wp-content\/uploads\/2013\/03\/HITN.jpg 840w\" sizes=\"(max-width: 300px) 100vw, 300px\" \/><\/a><\/p>\n<p>&nbsp;<\/p>\n<p>&nbsp;<\/p>\n<p>&nbsp;<\/p>","protected":false},"excerpt":{"rendered":"<p>La semaine derni\u00e8re, je me suis rendue aux \u00c9tats-Unis, o\u00f9 vous savez d\u00e9j\u00e0 que la pr\u00e9sence de Pocoyo continue de cro\u00eetre jour apr\u00e8s jour, et j'ai eu l'occasion d'assister \u00e0 la pr\u00e9sentation d'une nouvelle initiative dans laquelle nous sommes plong\u00e9s. Zinkia a \u00e9t\u00e9 choisie par l'organisation HITN (The Hispanic Information and Telecommunications Network) pour participer \u00e0 une [...]<\/p>","protected":false},"author":1,"featured_media":1065,"comment_status":"open","ping_status":"open","sticky":false,"template":"","format":"standard","meta":{"footnotes":""},"categories":[5,4],"tags":[514,511,512,513,12],"class_list":["post-1175","post","type-post","status-publish","format-standard","has-post-thumbnail","hentry","category-pocoyo","category-zinkia","tag-barack-obama","tag-hitn","tag-pocoyo-jose-luis-rodriguez","tag-robert-rodriguez","tag-zinkia-2"],"_links":{"self":[{"href":"https:\/\/josemariacastillejo.com\/fr\/wp-json\/wp\/v2\/posts\/1175","targetHints":{"allow":["GET"]}}],"collection":[{"href":"https:\/\/josemariacastillejo.com\/fr\/wp-json\/wp\/v2\/posts"}],"about":[{"href":"https:\/\/josemariacastillejo.com\/fr\/wp-json\/wp\/v2\/types\/post"}],"author":[{"embeddable":true,"href":"https:\/\/josemariacastillejo.com\/fr\/wp-json\/wp\/v2\/users\/1"}],"replies":[{"embeddable":true,"href":"https:\/\/josemariacastillejo.com\/fr\/wp-json\/wp\/v2\/comments?post=1175"}],"version-history":[{"count":7,"href":"https:\/\/josemariacastillejo.com\/fr\/wp-json\/wp\/v2\/posts\/1175\/revisions"}],"predecessor-version":[{"id":1284,"href":"https:\/\/josemariacastillejo.com\/fr\/wp-json\/wp\/v2\/posts\/1175\/revisions\/1284"}],"wp:featuredmedia":[{"embeddable":true,"href":"https:\/\/josemariacastillejo.com\/fr\/wp-json\/wp\/v2\/media\/1065"}],"wp:attachment":[{"href":"https:\/\/josemariacastillejo.com\/fr\/wp-json\/wp\/v2\/media?parent=1175"}],"wp:term":[{"taxonomy":"category","embeddable":true,"href":"https:\/\/josemariacastillejo.com\/fr\/wp-json\/wp\/v2\/categories?post=1175"},{"taxonomy":"post_tag","embeddable":true,"href":"https:\/\/josemariacastillejo.com\/fr\/wp-json\/wp\/v2\/tags?post=1175"}],"curies":[{"name":"wp","href":"https:\/\/api.w.org\/{rel}","templated":true}]}}