{"id":1190,"date":"2013-04-30T10:06:47","date_gmt":"2013-04-30T10:06:47","guid":{"rendered":"http:\/\/josemariacastillejo.com\/?p=1190"},"modified":"2013-05-10T11:40:43","modified_gmt":"2013-05-10T11:40:43","slug":"entrevista-en-capital-de-radio-intereconomia","status":"publish","type":"post","link":"https:\/\/josemariacastillejo.com\/fr\/blog\/2013\/04\/30\/entrevista-en-capital-de-radio-intereconomia\/","title":{"rendered":"Interview sur \"Capital\" de Radio Intereconom\u00eda."},"content":{"rendered":"<p>Ayer particip\u00e9 en los Desayunos de <a href=\"http:\/\/www.intereconomia.com\/programa\/capital-bolsa-y-vida\" target=\"_blank\">Capital<\/a> de <a href=\"http:\/\/www.intereconomia.com\/\" target=\"_blank\">Radio Intereconom\u00eda<\/a>, con <a href=\"http:\/\/www.intereconomia.com\/programa\/punto-encuentro\/jose-cavero\" target=\"_blank\">Pepe Cavero<\/a> y <a href=\"http:\/\/www.intereconomia.com\/programa\/capital-la-bolsa-y-la-vida\/luis-vicente-mu%C3%B1oz\" target=\"_blank\">Luis Vicente Mu\u00f1oz<\/a>. Aqu\u00ed os dejo un link a la entrevista (minuto 15) \u00a0donde hablamos, entre otras muchas cosas, de <a href=\"http:\/\/www.zinkia.com\" target=\"_blank\">Zinkia<\/a>, de crecer en otros mercados y de financiaci\u00f3n.<\/p>\n<p><a title=\"Entrevista Intereconom\u00eda\" href=\"http:\/\/www.intereconomia.com\/videoplayer?categoria=otros&amp;nid=997368&amp;parte=2\" target=\"_blank\"><img decoding=\"async\" class=\"aligncenter size-medium wp-image-1191\" alt=\"intereconomia\" src=\"http:\/\/josemariacastillejo.com\/wp-content\/uploads\/2013\/05\/intereconomia-300x45.jpg\" width=\"300\" height=\"45\" srcset=\"https:\/\/josemariacastillejo.com\/wp-content\/uploads\/2013\/05\/intereconomia-300x45.jpg 300w, https:\/\/josemariacastillejo.com\/wp-content\/uploads\/2013\/05\/intereconomia.jpg 517w\" sizes=\"(max-width: 300px) 100vw, 300px\" \/><\/a><\/p>\n<p>&nbsp;<\/p>","protected":false},"excerpt":{"rendered":"<p>Hier, j'ai particip\u00e9 \u00e0 l'\u00e9mission Desayunos de Capital sur Radio Intereconom\u00eda, avec Pepe Cavero et Luis Vicente Mu\u00f1oz. Voici un lien vers l'interview (minute 15) o\u00f9 nous avons parl\u00e9, entre autres, de Zinkia, de la croissance sur d'autres march\u00e9s et du financement. &nbsp;<\/p>","protected":false},"author":1,"featured_media":1191,"comment_status":"open","ping_status":"open","sticky":false,"template":"","format":"standard","meta":{"footnotes":""},"categories":[9],"tags":[520,521,523,522],"class_list":["post-1190","post","type-post","status-publish","format-standard","has-post-thumbnail","hentry","category-en-los-medios","tag-capital","tag-intereconomia","tag-luis-vicente-munoz","tag-pepe-cavero"],"_links":{"self":[{"href":"https:\/\/josemariacastillejo.com\/fr\/wp-json\/wp\/v2\/posts\/1190","targetHints":{"allow":["GET"]}}],"collection":[{"href":"https:\/\/josemariacastillejo.com\/fr\/wp-json\/wp\/v2\/posts"}],"about":[{"href":"https:\/\/josemariacastillejo.com\/fr\/wp-json\/wp\/v2\/types\/post"}],"author":[{"embeddable":true,"href":"https:\/\/josemariacastillejo.com\/fr\/wp-json\/wp\/v2\/users\/1"}],"replies":[{"embeddable":true,"href":"https:\/\/josemariacastillejo.com\/fr\/wp-json\/wp\/v2\/comments?post=1190"}],"version-history":[{"count":4,"href":"https:\/\/josemariacastillejo.com\/fr\/wp-json\/wp\/v2\/posts\/1190\/revisions"}],"predecessor-version":[{"id":1283,"href":"https:\/\/josemariacastillejo.com\/fr\/wp-json\/wp\/v2\/posts\/1190\/revisions\/1283"}],"wp:featuredmedia":[{"embeddable":true,"href":"https:\/\/josemariacastillejo.com\/fr\/wp-json\/wp\/v2\/media\/1191"}],"wp:attachment":[{"href":"https:\/\/josemariacastillejo.com\/fr\/wp-json\/wp\/v2\/media?parent=1190"}],"wp:term":[{"taxonomy":"category","embeddable":true,"href":"https:\/\/josemariacastillejo.com\/fr\/wp-json\/wp\/v2\/categories?post=1190"},{"taxonomy":"post_tag","embeddable":true,"href":"https:\/\/josemariacastillejo.com\/fr\/wp-json\/wp\/v2\/tags?post=1190"}],"curies":[{"name":"wp","href":"https:\/\/api.w.org\/{rel}","templated":true}]}}