{"id":1206,"date":"2013-05-03T16:56:27","date_gmt":"2013-05-03T16:56:27","guid":{"rendered":"http:\/\/josemariacastillejo.com\/?p=1206"},"modified":"2013-05-08T14:49:46","modified_gmt":"2013-05-08T14:49:46","slug":"washington-d-c-visita-a-la-national-gallery-of-art","status":"publish","type":"post","link":"https:\/\/josemariacastillejo.com\/fr\/blog\/2013\/05\/03\/washington-d-c-visita-a-la-national-gallery-of-art\/","title":{"rendered":"Washington, D.C., visite de la National Gallery of Art"},"content":{"rendered":"<p>Comme je l'ai mentionn\u00e9 dans le billet pr\u00e9c\u00e9dent, nous avions pr\u00e9sent\u00e9 <strong>le projet LAMP<\/strong>avec <a href=\"http:\/\/www.hitn.tv\">HITN<\/a> dans le <a href=\"http:\/\/www.newseum.org\/exhibits-and-theaters\/the-knight-studios\/\">Studios Knight<\/a> de <a href=\"http:\/\/www.newseum.org\">Mus\u00e9e de la presse<\/a> sur Pennsylvania Avenue et j'y restais un certain temps jusqu'\u00e0 ce que je doive partir pour l'a\u00e9roport afin de m'envoler pour Miami. Je ne pouvais pas manquer une visite \u00e0 la <a href=\"http:\/\/www.nga.gov\/content\/ngaweb.html\">National Gallery of Art<\/a>. Il suffisait de traverser la rue, jusqu'\u00e0 l'entr\u00e9e de la ville. <a href=\"http:\/\/en.wikipedia.org\/wiki\/Constitution_Avenue\">Avenida de la Constituci\u00f3n<\/a>. Impossible de ne pas c\u00e9der \u00e0 cette tentation !<\/p>\n<p>C'est l'un des plus beaux mus\u00e9es, tant en termes d'architecture que de contenu, que j'ai eu l'occasion de visiter.  Et ce qui m'impressionne le plus dans ce mus\u00e9e, c'est qu'il est en grande partie construit gr\u00e2ce \u00e0 des dons faits par des citoyens am\u00e9ricains au cours des 120 derni\u00e8res ann\u00e9es. En effet, le b\u00e2timent du mus\u00e9e, qui est enti\u00e8rement construit en <a href=\"http:\/\/en.wikipedia.org\/wiki\/Tennessee_marble\">Pierre rose du Tennessee<\/a> Il a \u00e9t\u00e9 con\u00e7u pour son classicisme et sa simplicit\u00e9, et une partie tr\u00e8s importante de sa collection de d\u00e9part a \u00e9t\u00e9 offerte par le minist\u00e8re de l'\u00e9ducation nationale. <a href=\"http:\/\/en.wikipedia.org\/wiki\/Andrew_W._Mellon\">Andrew W. Mellon<\/a>, <a href=\"http:\/\/en.wikipedia.org\/wiki\/Paul_Mellon\">Paul Mellon<\/a> y <a href=\"http:\/\/en.wikipedia.org\/wiki\/Ailsa_Mellon_Bruce\">Alisa Mellon<\/a>. Il ne s'est pas appuy\u00e9 sur des collections royales ou imp\u00e9riales constitu\u00e9es au fil des si\u00e8cles, comme c'est le cas du Museo Nacional del Prado en Espagne, du mus\u00e9e du Louvre, de la National Gallery \u00e0 Londres ou de nombreux autres mus\u00e9es, principalement en Europe. Une pi\u00e8ce est curieuse : \u00e0 c\u00f4t\u00e9 de l'entr\u00e9e du mus\u00e9e se trouve une pi\u00e8ce qui pourrait \u00eatre la maison de l'un des nombreux donateurs du mus\u00e9e. Un endroit o\u00f9 il est agr\u00e9able de s'asseoir et de se reposer un moment, tout en revoyant dans sa t\u00eate ce que l'on voit avec ses yeux...<\/p>\n<p><!--more--><\/p>\n<p><a href=\"http:\/\/josemariacastillejo.com\/wp-content\/uploads\/2013\/05\/IMG_2012.jpg\"><img fetchpriority=\"high\" decoding=\"async\" class=\"size-medium wp-image-1207 alignleft\" alt=\"IMG_2012\" src=\"http:\/\/josemariacastillejo.com\/wp-content\/uploads\/2013\/05\/IMG_2012-225x300.jpg\" width=\"225\" height=\"300\" srcset=\"https:\/\/josemariacastillejo.com\/wp-content\/uploads\/2013\/05\/IMG_2012-225x300.jpg 225w, https:\/\/josemariacastillejo.com\/wp-content\/uploads\/2013\/05\/IMG_2012-768x1024.jpg 768w\" sizes=\"(max-width: 225px) 100vw, 225px\" \/><\/a><\/p>\n<p>Le lieu et son contenu sont, bien s\u00fbr, une r\u00e9flexion sur l'esprit patriotique des Am\u00e9ricains, qui sont tr\u00e8s conscients de la contribution que le fait de travailler dans un pays comme les \u00c9tats-Unis d'Am\u00e9rique a apport\u00e9e \u00e0 leur vie. Il s'agit \u00e9galement d'une r\u00e9flexion sur la mani\u00e8re de construire et de comprendre le droit et le citoyen, dans les deux parties du monde. Surtout en cette p\u00e9riode de turbulences o\u00f9 il semble que les gouvernements europ\u00e9ens ne parviennent pas \u00e0 g\u00e9rer correctement la crise colossale que nous traversons.<\/p>\n<p>Le mus\u00e9e se compose de deux b\u00e2timents : l'aile Est et l'aile Ouest. Je n'ai eu le temps de visiter que l'aile ouest. Con\u00e7ue en 1937 par <a href=\"http:\/\/en.wikipedia.org\/wiki\/John_Russell_Pope\">John Russell Pope<\/a> sur la base d'un style <a href=\"http:\/\/en.wikipedia.org\/wiki\/Neoclassical_architecture\">n\u00e9oclassique<\/a>L'ensemble du b\u00e2timent en forme de H s'articule autour d'une rotonde centrale.<\/p>\n<p><a href=\"http:\/\/josemariacastillejo.com\/wp-content\/uploads\/2013\/04\/IMG_2011.jpg\"><img decoding=\"async\" class=\"size-medium wp-image-1198 alignright\" alt=\"IMG_2011\" src=\"http:\/\/josemariacastillejo.com\/wp-content\/uploads\/2013\/04\/IMG_2011-225x300.jpg\" width=\"225\" height=\"300\" srcset=\"https:\/\/josemariacastillejo.com\/wp-content\/uploads\/2013\/04\/IMG_2011-225x300.jpg 225w, https:\/\/josemariacastillejo.com\/wp-content\/uploads\/2013\/04\/IMG_2011-768x1024.jpg 768w\" sizes=\"(max-width: 225px) 100vw, 225px\" \/><\/a><\/p>\n<p>Bien que cela puisse para\u00eetre exag\u00e9r\u00e9, tout dans ce mus\u00e9e est vraiment beau. La rotonde centrale - photographi\u00e9e ici - qui rappelle et s'inspire clairement de l'architecture de l'Europe de l'Est et de l'Europe du Sud-Est, est d'une grande beaut\u00e9. <a href=\"http:\/\/en.wikipedia.org\/wiki\/Pantheon,_Rome\">Panth\u00e9on<\/a> Les couloirs, les cours avec leurs fontaines et leurs fleurs, chacune des pi\u00e8ces, les plafonds, l'\u00e9clairage e..... Impressionnant si l'on commence \u00e0 parler des \u0153uvres d'art accroch\u00e9es aux murs ou des sculptures et pi\u00e8ces que l'on peut voir au fur et \u00e0 mesure de la visite.<\/p>\n<p>Le mus\u00e9e poss\u00e8de parmi ses tr\u00e9sors la seule \u0153uvre picturale originale du <a href=\"http:\/\/en.wikipedia.org\/wiki\/Leonardo_da_Vinci\">L\u00e9onard de Vinci<\/a> qu'il y a en Am\u00e9rique, des \u0153uvres de la p\u00e9riode m\u00e9di\u00e9vale, de tr\u00e8s belles sculptures de la Renaissance, des \u0153uvres de <a href=\"http:\/\/en.wikipedia.org\/wiki\/Jan_Vermeer\">Vermeer<\/a>, <a href=\"http:\/\/en.wikipedia.org\/wiki\/Rembrandt_van_Rijn\">Rembrandt<\/a>, <a href=\"http:\/\/en.wikipedia.org\/wiki\/Vincent_van_Gogh\">van Gogh<\/a> et... parmi tant d'autres, <a href=\"http:\/\/es.wikipedia.org\/wiki\/Francisco_de_Goya\">Francisco de Goya<\/a>.<\/p>\n<p>De nombreuses \u0153uvres peuvent attirer votre attention lorsque vous vous promenez dans les couloirs. Mais pour moi, le portrait de Do\u00f1a Mariana Pontejos y Sandoval, Marquesa de Casa Pontejos, ma sixi\u00e8me grand-m\u00e8re, r\u00e9alis\u00e9 par Goya, est tr\u00e8s significatif.  Une femme de caract\u00e8re et tr\u00e8s sp\u00e9ciale. Elle s'est mari\u00e9e trois fois. La premi\u00e8re fois avec mon sixi\u00e8me grand-p\u00e8re, le fr\u00e8re de Don Jos\u00e9 Mo\u00f1ino y Redondo, le premier <a href=\"http:\/\/es.wikipedia.org\/wiki\/Conde_de_Floridablanca\">Comte de Floridablanca<\/a>.<\/p>\n<p><a href=\"http:\/\/josemariacastillejo.com\/wp-content\/uploads\/2013\/04\/IMG_2004.jpg\"><img decoding=\"async\" class=\"size-medium wp-image-1199 alignleft\" alt=\"IMG_2004\" src=\"http:\/\/josemariacastillejo.com\/wp-content\/uploads\/2013\/04\/IMG_2004-225x300.jpg\" width=\"225\" height=\"300\" srcset=\"https:\/\/josemariacastillejo.com\/wp-content\/uploads\/2013\/04\/IMG_2004-225x300.jpg 225w, https:\/\/josemariacastillejo.com\/wp-content\/uploads\/2013\/04\/IMG_2004-768x1024.jpg 768w\" sizes=\"(max-width: 225px) 100vw, 225px\" \/><\/a><\/p>\n<p>La photo n'est pas prise de tr\u00e8s pr\u00e8s, mais c'est voulu. Les <a href=\"http:\/\/www.wikipaintings.org\/es\/francisco-goya\/the-marquesa-de-pontejos\">d\u00e9tail de la peinture<\/a> peut \u00eatre facilement trouv\u00e9e sur Internet, mais cette photo permet \u00e9galement de comprendre o\u00f9 se trouve le tableau dans le mus\u00e9e. La photo est prise depuis le couloir central et, de l'endroit o\u00f9 je prends la photo, \u00e0 droite, \u00e0 moins de dix m\u00e8tres, se trouve la rotonde centrale. Il s'agit de l'un des tableaux offerts par Andrew W. Mellon \u00e0 la National Gallery.<\/p>\n<p>Une autre \u0153uvre qui a attir\u00e9 mon attention est la danseuse de <a href=\"http:\/\/en.wikipedia.org\/wiki\/Edgar_Degas\">Edgar Degas<\/a>. Un des grands de l'impressionnisme. Une visite s'impose. Et je n'ai pas eu le temps de visiter l'aile Est !!!!<\/p>\n<p><a href=\"http:\/\/josemariacastillejo.com\/wp-content\/uploads\/2013\/04\/IMG_1993.jpg\"><img loading=\"lazy\" decoding=\"async\" class=\"aligncenter size-medium wp-image-1197\" alt=\"IMG_1993\" src=\"http:\/\/josemariacastillejo.com\/wp-content\/uploads\/2013\/04\/IMG_1993-225x300.jpg\" width=\"225\" height=\"300\" srcset=\"https:\/\/josemariacastillejo.com\/wp-content\/uploads\/2013\/04\/IMG_1993-225x300.jpg 225w, https:\/\/josemariacastillejo.com\/wp-content\/uploads\/2013\/04\/IMG_1993-768x1024.jpg 768w\" sizes=\"(max-width: 225px) 100vw, 225px\" \/><\/a><\/p>\n<p>&nbsp;<\/p>","protected":false},"excerpt":{"rendered":"<p>Comme je l'ai mentionn\u00e9 dans le billet pr\u00e9c\u00e9dent, nous avions pr\u00e9sent\u00e9 le projet LAMP, en collaboration avec HITN, aux Knight Studios du Newsmuseum sur Pennsylvania Avenue et j'y suis rest\u00e9e un moment jusqu'\u00e0 ce que je doive partir pour l'a\u00e9roport afin de m'envoler pour Miami. Je ne pouvais pas manquer une visite \u00e0 la National Gallery of Art. C'\u00e9tait juste [...]<\/p>","protected":false},"author":1,"featured_media":1207,"comment_status":"open","ping_status":"open","sticky":false,"template":"","format":"standard","meta":{"footnotes":""},"categories":[7],"tags":[535,533,532,536,540,371,538,537,511,543,534,528,539,541,542,544,530],"class_list":["post-1206","post","type-post","status-publish","format-standard","has-post-thumbnail","hentry","category-living","tag-andrew-mellon","tag-capitol-hill","tag-capitolio","tag-degas","tag-escultura","tag-floridablanca","tag-francisco-de-goya","tag-goya","tag-hitn","tag-marquesa-de-casa-pontejos","tag-mellon","tag-national-gallery","tag-national-gallery-of-art","tag-neoclasico","tag-pontejos","tag-rembrandt","tag-washington"],"_links":{"self":[{"href":"https:\/\/josemariacastillejo.com\/fr\/wp-json\/wp\/v2\/posts\/1206","targetHints":{"allow":["GET"]}}],"collection":[{"href":"https:\/\/josemariacastillejo.com\/fr\/wp-json\/wp\/v2\/posts"}],"about":[{"href":"https:\/\/josemariacastillejo.com\/fr\/wp-json\/wp\/v2\/types\/post"}],"author":[{"embeddable":true,"href":"https:\/\/josemariacastillejo.com\/fr\/wp-json\/wp\/v2\/users\/1"}],"replies":[{"embeddable":true,"href":"https:\/\/josemariacastillejo.com\/fr\/wp-json\/wp\/v2\/comments?post=1206"}],"version-history":[{"count":9,"href":"https:\/\/josemariacastillejo.com\/fr\/wp-json\/wp\/v2\/posts\/1206\/revisions"}],"predecessor-version":[{"id":1269,"href":"https:\/\/josemariacastillejo.com\/fr\/wp-json\/wp\/v2\/posts\/1206\/revisions\/1269"}],"wp:featuredmedia":[{"embeddable":true,"href":"https:\/\/josemariacastillejo.com\/fr\/wp-json\/wp\/v2\/media\/1207"}],"wp:attachment":[{"href":"https:\/\/josemariacastillejo.com\/fr\/wp-json\/wp\/v2\/media?parent=1206"}],"wp:term":[{"taxonomy":"category","embeddable":true,"href":"https:\/\/josemariacastillejo.com\/fr\/wp-json\/wp\/v2\/categories?post=1206"},{"taxonomy":"post_tag","embeddable":true,"href":"https:\/\/josemariacastillejo.com\/fr\/wp-json\/wp\/v2\/tags?post=1206"}],"curies":[{"name":"wp","href":"https:\/\/api.w.org\/{rel}","templated":true}]}}