{"id":1490,"date":"2013-06-07T16:43:02","date_gmt":"2013-06-07T16:43:02","guid":{"rendered":"http:\/\/josemariacastillejo.com\/?p=1490"},"modified":"2013-06-07T16:46:23","modified_gmt":"2013-06-07T16:46:23","slug":"pocoyo-apoya-a-los-ninos-con-enfermedades-raras","status":"publish","type":"post","link":"https:\/\/josemariacastillejo.com\/fr\/blog\/2013\/06\/07\/pocoyo-apoya-a-los-ninos-con-enfermedades-raras\/","title":{"rendered":"Pocoyo soutient les enfants atteints de maladies rares"},"content":{"rendered":"<p>Samedi dernier\u00a0<a href=\"http:\/\/www.pocoyo.com\" target=\"_blank\">Pocoyo<\/a>\u00a0a partag\u00e9 des moments tr\u00e8s sp\u00e9ciaux avec des enfants et des adultes dans le cadre de l'Ann\u00e9e europ\u00e9enne de la sant\u00e9.\u00a0<b>Premi\u00e8re rencontre nationale des familles<\/b>une journ\u00e9e qui s'est tenue \u00e0 Madrid \u00e0 l'occasion de l'anniversaire de la\u00a0<b><a title=\"Ann\u00e9e nationale des maladies rares\" href=\"http:\/\/www.msc.es\/gabinete\/notasPrensa.do?id=2611\" target=\"_blank\">Ann\u00e9e nationale des maladies rares<\/a>\u00a0<\/b>et qu'il avait<b>\u00a0<\/b>L'objectif de cette manifestation est de promouvoir la coexistence et le dialogue entre les personnes atteintes de maladies rares et leurs familles.<\/p>\n<p>Pocoyo a particip\u00e9 \u00e0 certains des ateliers organis\u00e9s dans ce cadre, a partag\u00e9 des jeux et des discussions avec les petits et s'est bien amus\u00e9. Il a ainsi voulu manifester son soutien \u00e0 ce groupe souvent oubli\u00e9 par la soci\u00e9t\u00e9.\u00a0<a href=\"http:\/\/josemariacastillejo.com\/wp-content\/uploads\/2013\/06\/POCOYO-FEDER.jpg\"><img decoding=\"async\" class=\"aligncenter size-medium wp-image-1481\" alt=\"POCOYO FEDER\" src=\"http:\/\/josemariacastillejo.com\/wp-content\/uploads\/2013\/06\/POCOYO-FEDER-300x102.jpg\" width=\"300\" height=\"102\" srcset=\"https:\/\/josemariacastillejo.com\/wp-content\/uploads\/2013\/06\/POCOYO-FEDER-300x102.jpg 300w, https:\/\/josemariacastillejo.com\/wp-content\/uploads\/2013\/06\/POCOYO-FEDER.jpg 750w\" sizes=\"(max-width: 300px) 100vw, 300px\" \/><\/a><\/p>","protected":false},"excerpt":{"rendered":"<p>En cette ann\u00e9e des maladies rares, Pocoyo a partag\u00e9 des moments tr\u00e8s sp\u00e9ciaux avec des enfants et des adultes lors de la premi\u00e8re rencontre nationale des familles.<\/p>","protected":false},"author":1,"featured_media":1489,"comment_status":"open","ping_status":"open","sticky":false,"template":"","format":"standard","meta":{"footnotes":""},"categories":[5],"tags":[623,625,104,16],"class_list":["post-1490","post","type-post","status-publish","format-standard","has-post-thumbnail","hentry","category-pocoyo","tag-enfermedades-raras","tag-familia","tag-infancia","tag-pocoyo-2"],"_links":{"self":[{"href":"https:\/\/josemariacastillejo.com\/fr\/wp-json\/wp\/v2\/posts\/1490","targetHints":{"allow":["GET"]}}],"collection":[{"href":"https:\/\/josemariacastillejo.com\/fr\/wp-json\/wp\/v2\/posts"}],"about":[{"href":"https:\/\/josemariacastillejo.com\/fr\/wp-json\/wp\/v2\/types\/post"}],"author":[{"embeddable":true,"href":"https:\/\/josemariacastillejo.com\/fr\/wp-json\/wp\/v2\/users\/1"}],"replies":[{"embeddable":true,"href":"https:\/\/josemariacastillejo.com\/fr\/wp-json\/wp\/v2\/comments?post=1490"}],"version-history":[{"count":5,"href":"https:\/\/josemariacastillejo.com\/fr\/wp-json\/wp\/v2\/posts\/1490\/revisions"}],"predecessor-version":[{"id":1494,"href":"https:\/\/josemariacastillejo.com\/fr\/wp-json\/wp\/v2\/posts\/1490\/revisions\/1494"}],"wp:featuredmedia":[{"embeddable":true,"href":"https:\/\/josemariacastillejo.com\/fr\/wp-json\/wp\/v2\/media\/1489"}],"wp:attachment":[{"href":"https:\/\/josemariacastillejo.com\/fr\/wp-json\/wp\/v2\/media?parent=1490"}],"wp:term":[{"taxonomy":"category","embeddable":true,"href":"https:\/\/josemariacastillejo.com\/fr\/wp-json\/wp\/v2\/categories?post=1490"},{"taxonomy":"post_tag","embeddable":true,"href":"https:\/\/josemariacastillejo.com\/fr\/wp-json\/wp\/v2\/tags?post=1490"}],"curies":[{"name":"wp","href":"https:\/\/api.w.org\/{rel}","templated":true}]}}