{"id":273,"date":"2011-05-09T09:43:29","date_gmt":"2011-05-09T09:43:29","guid":{"rendered":"http:\/\/josemariacastillejo.com\/?p=273"},"modified":"2011-05-10T18:54:45","modified_gmt":"2011-05-10T18:54:45","slug":"educacion-en-valores-i","status":"publish","type":"post","link":"https:\/\/josemariacastillejo.com\/fr\/blog\/2011\/05\/09\/educacion-en-valores-i\/","title":{"rendered":"\u00c9ducation aux valeurs (I)"},"content":{"rendered":"<p style=\"text-align: justify;\">Nous traversons, \u00e0 mon sens, une crise majeure de notre soci\u00e9t\u00e9. <a href=\"http:\/\/portal.uned.es\/portal\/page?_pageid=93,8050571,93_20528200&amp;_dad=portal&amp;_schema=PORTAL&amp;idAsignatura=23302102\">syst\u00e8me \u00e9ducatif<\/a>. Et lorsque je parle de crise, je l'entends au sens le plus \u00e9tymologique du terme : <a href=\"http:\/\/es.wikipedia.org\/wiki\/Crisis\">crise<\/a> est un mot grec qui signifie \"rompre\" ou \"d\u00e9cider\".<!--more-->Ce que je veux donc dire en parlant de crise du syst\u00e8me \u00e9ducatif, c'est que de mon point de vue, nous devrions vivre une p\u00e9riode de changement, une p\u00e9riode de rupture, et si ce n'est pas le cas, j'esp\u00e8re au moins que ce sera une p\u00e9riode de r\u00e9flexion et donc de d\u00e9cisions \u00e0 prendre.<\/p>\n<p style=\"text-align: justify;\">Si nous nous arr\u00eatons pour y r\u00e9fl\u00e9chir, nous avons h\u00e9rit\u00e9 de nos grands-parents d'une <strong>syst\u00e8me \u00e9ducatif <\/strong>qui leur a \u00e9t\u00e9 tr\u00e8s utile, mais dont j'ai le sentiment qu'elle ne l'est plus pour nous et qu'elle risque de l'\u00eatre encore moins pour nos enfants et nos petits-enfants.<\/p>\n<p style=\"text-align: justify;\">Lorsque les universit\u00e9s ont officiellement vu le jour il y a dix si\u00e8cles, tant dans les pays de l'Union europ\u00e9enne que dans les pays d'Europe centrale et orientale, les universit\u00e9s ont \u00e9t\u00e9 tr\u00e8s sollicit\u00e9es.<a href=\"http:\/\/www.unibo.it\/Portale\/default.htm\"> Bologne <\/a>comme \u00e0 Paris, et quelques si\u00e8cles plus tard \u00e0 Paris. <a href=\"http:\/\/www.usal.es\/webusal\/\">Salamanque<\/a>,<a href=\"http:\/\/www.ox.ac.uk\/\"> Oxford (en anglais) <\/a>y <a href=\"http:\/\/www.cam.ac.uk\/\">Cambridge (en anglais)<\/a>Le premier objectif \u00e9tait de former des professionnels dans le domaine du droit et de ce que l'on appelait \u00e0 l'\u00e9poque les arts lib\u00e9raux.<a href=\"http:\/\/es.wikipedia.org\/wiki\/Renacimiento\"> Renaissance<\/a>: <strong>m\u00e9decine premi\u00e8re et philosophie <\/strong>et plus tard aussi<strong> \"Les arts<\/strong>\". Ils \u00e9taient les professionnels les plus recherch\u00e9s et les plus respect\u00e9s. M\u00eame les \u00e9tudiants qui devaient voyager pendant leurs \u00e9tudes recevaient des laissez-passer sp\u00e9ciaux, qui leur ouvraient les portes des endroits les plus difficiles et les plus inattendus.<\/p>\n<p style=\"text-align: justify;\"><a href=\"http:\/\/josemariacastillejo.com\/wp-content\/uploads\/2011\/05\/Oxford.jpg\"><img fetchpriority=\"high\" decoding=\"async\" class=\"aligncenter size-medium wp-image-275\" title=\"Oxford (en anglais)\" src=\"http:\/\/josemariacastillejo.com\/wp-content\/uploads\/2011\/05\/Oxford-300x225.jpg\" alt=\"\" width=\"300\" height=\"225\" srcset=\"https:\/\/josemariacastillejo.com\/wp-content\/uploads\/2011\/05\/Oxford-300x225.jpg 300w, https:\/\/josemariacastillejo.com\/wp-content\/uploads\/2011\/05\/Oxford.jpg 500w\" sizes=\"(max-width: 300px) 100vw, 300px\" \/><\/a><\/p>\n<p style=\"text-align: justify;\">Et j'aurais plus d'une anecdote \u00e0 raconter \u00e0 ce sujet. Des si\u00e8cles plus tard, au XVIIe si\u00e8cle, les carri\u00e8res techniques ont \u00e9t\u00e9 int\u00e9gr\u00e9es \u00e0 ce m\u00eame syst\u00e8me, qui accompagnait les <a href=\"http:\/\/es.wikipedia.org\/wiki\/Revoluci%C3%B3n_Industrial\">le d\u00e9veloppement industriel <\/a>que la soci\u00e9t\u00e9 \u00e9tait en train d'acqu\u00e9rir. Les universit\u00e9s sont devenues le lieu de p\u00eache des professionnels qui accompagneraient la croissance organisationnelle de la soci\u00e9t\u00e9 dans tous les domaines. L'obtention d'un dipl\u00f4me universitaire \u00e9tait synonyme de carri\u00e8re professionnelle, et si vous le faisiez avec de bonnes qualifications, c'\u00e9tait presque synonyme d'obtention des meilleurs emplois, qui m\u00e8neraient plus tard \u00e0 une carri\u00e8re professionnelle r\u00e9ussie et \u00e0 une retraite calme et paisible.<\/p>\n<p style=\"text-align: justify;\">Cela a \u00e9t\u00e9 le cas pendant pr\u00e8s de 10 si\u00e8cles, comme je l'ai dit, mais il semble que ce ne soit plus le cas aujourd'hui.<\/p>\n<p style=\"text-align: justify;\">Combien d'\u00e9tudiants universitaires trouveront un emploi respect\u00e9 et digne \u00e0 la fin de leur cursus, en rapport avec ce qu'ils ont \u00e9tudi\u00e9 ?<\/p>\n<p style=\"text-align: justify;\">Le dipl\u00f4me universitaire, qui \u00e9tait un \u00e9l\u00e9ment clair de diff\u00e9renciation, si nous le consid\u00e9rons du point de vue du consommateur, est devenu un \u00e9l\u00e9ment clair d'homog\u00e9n\u00e9isation. Au cours des 30 prochaines ann\u00e9es, il y aura plus d'\u00e9tudiants dans les universit\u00e9s que jamais auparavant dans le monde entier. <strong>histoire de l'humanit\u00e9<\/strong>. Et parmi eux, probablement<strong> plus de 50% ne trouveront jamais d'emploi dans le domaine dans lequel ils ont \u00e9t\u00e9 form\u00e9s \u00e0 l'universit\u00e9.<\/strong><\/p>\n<p style=\"text-align: justify;\">N'est-ce pas une raison suffisante pour envisager un changement ou au moins une r\u00e9flexion ?<\/p>","protected":false},"excerpt":{"rendered":"<p>Nous traversons, de mon point de vue, une crise importante dans notre syst\u00e8me \u00e9ducatif. Et quand je parle de crise, c'est au sens le plus \u00e9tymologique du terme : crise est un mot qui vient du grec et qui signifie \"rompre\" ou \"d\u00e9cider\".<\/p>","protected":false},"author":1,"featured_media":0,"comment_status":"open","ping_status":"open","sticky":false,"template":"","format":"standard","meta":{"footnotes":""},"categories":[5],"tags":[54,51,48,49,50,53,47,56,55,52,46,45],"class_list":["post-273","post","type-post","status-publish","format-standard","hentry","category-pocoyo","tag-alumnos","tag-carrera","tag-desarrollo","tag-estudiantes","tag-jubilacion","tag-paris","tag-profesionales","tag-salamanca","tag-sistema","tag-sociedad","tag-trabajo","tag-universidad"],"_links":{"self":[{"href":"https:\/\/josemariacastillejo.com\/fr\/wp-json\/wp\/v2\/posts\/273","targetHints":{"allow":["GET"]}}],"collection":[{"href":"https:\/\/josemariacastillejo.com\/fr\/wp-json\/wp\/v2\/posts"}],"about":[{"href":"https:\/\/josemariacastillejo.com\/fr\/wp-json\/wp\/v2\/types\/post"}],"author":[{"embeddable":true,"href":"https:\/\/josemariacastillejo.com\/fr\/wp-json\/wp\/v2\/users\/1"}],"replies":[{"embeddable":true,"href":"https:\/\/josemariacastillejo.com\/fr\/wp-json\/wp\/v2\/comments?post=273"}],"version-history":[{"count":5,"href":"https:\/\/josemariacastillejo.com\/fr\/wp-json\/wp\/v2\/posts\/273\/revisions"}],"predecessor-version":[{"id":287,"href":"https:\/\/josemariacastillejo.com\/fr\/wp-json\/wp\/v2\/posts\/273\/revisions\/287"}],"wp:attachment":[{"href":"https:\/\/josemariacastillejo.com\/fr\/wp-json\/wp\/v2\/media?parent=273"}],"wp:term":[{"taxonomy":"category","embeddable":true,"href":"https:\/\/josemariacastillejo.com\/fr\/wp-json\/wp\/v2\/categories?post=273"},{"taxonomy":"post_tag","embeddable":true,"href":"https:\/\/josemariacastillejo.com\/fr\/wp-json\/wp\/v2\/tags?post=273"}],"curies":[{"name":"wp","href":"https:\/\/api.w.org\/{rel}","templated":true}]}}