{"id":391,"date":"2011-05-27T11:22:12","date_gmt":"2011-05-27T11:22:12","guid":{"rendered":"http:\/\/josemariacastillejo.com\/?p=391"},"modified":"2013-06-09T11:43:14","modified_gmt":"2013-06-09T11:43:14","slug":"acuerdo-entre-zinkia-y-unicef","status":"publish","type":"post","link":"https:\/\/josemariacastillejo.com\/fr\/blog\/2011\/05\/27\/acuerdo-entre-zinkia-y-unicef\/","title":{"rendered":"Accord entre Zinkia et l'UNICEF"},"content":{"rendered":"<p style=\"text-align: justify;\">Nous avons tous une responsabilit\u00e9 en tant que <strong>les personnes et les citoyens <\/strong>avec ceux <strong>collectifs<\/strong> qui sont les plus d\u00e9favoris\u00e9s ou \u00e0 risque. La m\u00eame approche doit \u00eatre transf\u00e9r\u00e9e \u00e0 la <strong>entreprises<\/strong> et je crois qu'il est de la responsabilit\u00e9 des entreprises de rendre \u00e0 la soci\u00e9t\u00e9 ce qu'elle lui a donn\u00e9. <strong>entreprise<\/strong> une part de ce qu'ils re\u00e7oivent d'elle. <!--more--><\/p>\n<p style=\"text-align: justify;\">Sans doute par le biais des imp\u00f4ts que nous payons et qui sont ensuite g\u00e9r\u00e9s par l'\u00c9tat. <strong>\u00c9tat<\/strong>mais aussi de mani\u00e8re directe, avec un soutien qui n'est pas seulement financier. L'objectif est d'essayer de mettre en \u00e9vidence les aspects des entreprises commerciales qui peuvent aider les personnes dans le besoin. C'est pourquoi, de<a href=\"http:\/\/www.zinkia.com\" target=\"_blank\"> Zinkia <\/a>Nous collaborons avec diverses organisations \u00e0 but non lucratif, en leur offrant notre soutien personnel d'une part, et en tant que marque, par le biais de <a href=\"http:\/\/www.pocoyo.com\" target=\"_blank\">Pocoyo<\/a>L'objectif est d'exploiter pleinement son potentiel.<\/p>\n<p style=\"text-align: justify;\"><a href=\"http:\/\/josemariacastillejo.com\/wp-content\/uploads\/2011\/05\/unicef.jpg\"><img fetchpriority=\"high\" decoding=\"async\" class=\"aligncenter size-medium wp-image-392\" title=\"unicef\" alt=\"\" src=\"http:\/\/josemariacastillejo.com\/wp-content\/uploads\/2011\/05\/unicef-300x258.jpg\" width=\"300\" height=\"258\" srcset=\"https:\/\/josemariacastillejo.com\/wp-content\/uploads\/2011\/05\/unicef-300x258.jpg 300w, https:\/\/josemariacastillejo.com\/wp-content\/uploads\/2011\/05\/unicef.jpg 450w\" sizes=\"(max-width: 300px) 100vw, 300px\" \/><\/a><\/p>\n<p style=\"text-align: justify;\">Le mercredi 11 mai dernier, Zinkia a sign\u00e9 un accord avec la Commission europ\u00e9enne. <em><strong>Accord-cadre de partenariat <\/strong><\/em>avec<a href=\"http:\/\/www.unicef.es\/\" target=\"_blank\"> UNICEF Espagne<\/a>et est devenu un collaborateur de cette institution. L'objectif de l'accord est d'\u00e9tablir les bases d'une alliance entre les deux entit\u00e9s afin de diffuser le travail de la premi\u00e8re et de collaborer avec des ressources \u00e9conomiques, humaines, techniques et de communication aux activit\u00e9s de l'UNICEF.<\/p>\n<p style=\"text-align: justify;\">De mon point de vue, les valeurs repr\u00e9sent\u00e9es par Pocoyo s'inscrivent parfaitement dans les objectifs promus par l'UNICEF, bas\u00e9s sur le respect des droits de l'homme et des libert\u00e9s fondamentales.<strong> droits de l'enfant <\/strong>et la protection de l'enfance en g\u00e9n\u00e9ral. Au cours des deux prochaines ann\u00e9es, nous travaillerons ensemble pour mettre en \u0153uvre des actions qui, en s'amusant, inculqueront des habitudes et des engagements en faveur des objectifs de l'UNICEF.<\/p>\n<p style=\"text-align: justify;\">\u00a0Je vous tiendrai au courant de l'\u00e9volution de la situation. <strong>projet<\/strong> au fur et \u00e0 mesure qu'ils se produisent.<\/p>","protected":false},"excerpt":{"rendered":"<p>Nous avons tous une responsabilit\u00e9 en tant que personnes et citoyens envers les groupes les plus d\u00e9favoris\u00e9s ou \u00e0 risque. Cette m\u00eame approche doit \u00eatre transf\u00e9r\u00e9e aux entreprises et je crois qu'il est de la responsabilit\u00e9 des entreprises de rendre \u00e0 la soci\u00e9t\u00e9 une partie de ce qu'elles re\u00e7oivent d'elle.<\/p>","protected":false},"author":1,"featured_media":392,"comment_status":"open","ping_status":"open","sticky":false,"template":"","format":"standard","meta":{"footnotes":""},"categories":[4],"tags":[58,97,102,98,101,31,100,99,104,103,96,16,52,12],"class_list":["post-391","post","type-post","status-publish","format-standard","has-post-thumbnail","hentry","category-zinkia","tag-acuerdo","tag-ciudadanos","tag-colaboracion","tag-colectivos","tag-convenio","tag-empresas","tag-estado","tag-gestion","tag-infancia","tag-nino","tag-personas","tag-pocoyo-2","tag-sociedad","tag-zinkia-2"],"_links":{"self":[{"href":"https:\/\/josemariacastillejo.com\/fr\/wp-json\/wp\/v2\/posts\/391","targetHints":{"allow":["GET"]}}],"collection":[{"href":"https:\/\/josemariacastillejo.com\/fr\/wp-json\/wp\/v2\/posts"}],"about":[{"href":"https:\/\/josemariacastillejo.com\/fr\/wp-json\/wp\/v2\/types\/post"}],"author":[{"embeddable":true,"href":"https:\/\/josemariacastillejo.com\/fr\/wp-json\/wp\/v2\/users\/1"}],"replies":[{"embeddable":true,"href":"https:\/\/josemariacastillejo.com\/fr\/wp-json\/wp\/v2\/comments?post=391"}],"version-history":[{"count":5,"href":"https:\/\/josemariacastillejo.com\/fr\/wp-json\/wp\/v2\/posts\/391\/revisions"}],"predecessor-version":[{"id":1644,"href":"https:\/\/josemariacastillejo.com\/fr\/wp-json\/wp\/v2\/posts\/391\/revisions\/1644"}],"wp:featuredmedia":[{"embeddable":true,"href":"https:\/\/josemariacastillejo.com\/fr\/wp-json\/wp\/v2\/media\/392"}],"wp:attachment":[{"href":"https:\/\/josemariacastillejo.com\/fr\/wp-json\/wp\/v2\/media?parent=391"}],"wp:term":[{"taxonomy":"category","embeddable":true,"href":"https:\/\/josemariacastillejo.com\/fr\/wp-json\/wp\/v2\/categories?post=391"},{"taxonomy":"post_tag","embeddable":true,"href":"https:\/\/josemariacastillejo.com\/fr\/wp-json\/wp\/v2\/tags?post=391"}],"curies":[{"name":"wp","href":"https:\/\/api.w.org\/{rel}","templated":true}]}}