{"id":642,"date":"2011-08-24T11:14:54","date_gmt":"2011-08-24T11:14:54","guid":{"rendered":"http:\/\/josemariacastillejo.com\/?p=642"},"modified":"2013-06-10T10:36:49","modified_gmt":"2013-06-10T10:36:49","slug":"cristobal-colon-mallorquin","status":"publish","type":"post","link":"https:\/\/josemariacastillejo.com\/fr\/blog\/2011\/08\/24\/cristobal-colon-mallorquin\/","title":{"rendered":"Christophe Colomb, Majorquin ou Italien ?"},"content":{"rendered":"<p>Je suis \u00e0 Majorque et j'ai en vue les <strong><a href=\"http:\/\/es.wikipedia.org\/wiki\/Castillo_de_Santueri\" target=\"_blank\">Ch\u00e2teau de Santueri<\/a><\/strong>en <strong>Felanitx.<\/strong><\/p>\n<figure id=\"attachment_1705\" aria-describedby=\"caption-attachment-1705\" style=\"width: 1600px\" class=\"wp-caption aligncenter\"><a href=\"http:\/\/josemariacastillejo.com\/wp-content\/uploads\/2011\/08\/Santueri-vistas-cercanas.jpg\"><img fetchpriority=\"high\" decoding=\"async\" class=\"size-full wp-image-1705\" alt=\"Castillo de Santueri\" src=\"http:\/\/josemariacastillejo.com\/wp-content\/uploads\/2011\/08\/Santueri-vistas-cercanas.jpg\" width=\"1600\" height=\"1200\" srcset=\"https:\/\/josemariacastillejo.com\/wp-content\/uploads\/2011\/08\/Santueri-vistas-cercanas.jpg 1600w, https:\/\/josemariacastillejo.com\/wp-content\/uploads\/2011\/08\/Santueri-vistas-cercanas-300x225.jpg 300w, https:\/\/josemariacastillejo.com\/wp-content\/uploads\/2011\/08\/Santueri-vistas-cercanas-1024x768.jpg 1024w, https:\/\/josemariacastillejo.com\/wp-content\/uploads\/2011\/08\/Santueri-vistas-cercanas-65x50.jpg 65w\" sizes=\"(max-width: 1600px) 100vw, 1600px\" \/><\/a><figcaption id=\"caption-attachment-1705\" class=\"wp-caption-text\">Ch\u00e2teau de Santueri<\/figcaption><\/figure>\n<p><a href=\"http:\/\/josemariacastillejo.com\/wp-content\/uploads\/2011\/08\/Santueri-dibujo.jpg\"><img decoding=\"async\" class=\"aligncenter size-full wp-image-1706\" alt=\"Santueri dibujo\" src=\"http:\/\/josemariacastillejo.com\/wp-content\/uploads\/2011\/08\/Santueri-dibujo.jpg\" width=\"394\" height=\"300\" srcset=\"https:\/\/josemariacastillejo.com\/wp-content\/uploads\/2011\/08\/Santueri-dibujo.jpg 394w, https:\/\/josemariacastillejo.com\/wp-content\/uploads\/2011\/08\/Santueri-dibujo-300x228.jpg 300w, https:\/\/josemariacastillejo.com\/wp-content\/uploads\/2011\/08\/Santueri-dibujo-65x50.jpg 65w\" sizes=\"(max-width: 394px) 100vw, 394px\" \/><\/a> <a href=\"http:\/\/josemariacastillejo.com\/wp-content\/uploads\/2011\/08\/Santueri-desde-abajo.jpg\"><img decoding=\"async\" class=\"aligncenter size-full wp-image-1707\" alt=\"Santueri desde abajo\" src=\"http:\/\/josemariacastillejo.com\/wp-content\/uploads\/2011\/08\/Santueri-desde-abajo.jpg\" width=\"320\" height=\"214\" srcset=\"https:\/\/josemariacastillejo.com\/wp-content\/uploads\/2011\/08\/Santueri-desde-abajo.jpg 320w, https:\/\/josemariacastillejo.com\/wp-content\/uploads\/2011\/08\/Santueri-desde-abajo-300x200.jpg 300w\" sizes=\"(max-width: 320px) 100vw, 320px\" \/><\/a><\/p>\n<p>C'est dans ce ch\u00e2teau, construit sur une importante \u00e9l\u00e9vation montagneuse et d'o\u00f9 l'on peut voir presque toute la c\u00f4te nord et est de l'\u00eele de Majorque, Minorque et Cabrera, une tour de guet d\u00e9fensive imprenable, que l'on suppose que se sont d\u00e9roul\u00e9s les \u00e9v\u00e9nements relat\u00e9s dans ce livre.\u00a0<a href=\"http:\/\/www.diariodemallorca.es\/part-forana\/2011\/07\/03\/colon-podia-desvelar-origen-hijo-ilegitimo-sucesor-corona\/683526.html\" target=\"_blank\">Gabriel Verd Martorell<\/a>\u00a0 dans son livre <a href=\"http:\/\/www.amazon.com\/Gabriel-Verd-Martorell\/e\/B001K17V2S\" target=\"_blank\">\"CHRISTOPHER COLUMBUS et la r\u00e9v\u00e9lation de l'\u00e9nigme<\/a>\".<\/p>\n<p>Si ce que dit Gabriel Verd \u00e9tait vrai, ce qui semble tr\u00e8s probable, il est possible de penser de mani\u00e8re s\u00e9rieuse et rigoureuse que c'est vraiment vrai. <strong>Christophe Colomb est n\u00e9 \u00e0 Majorque, et non \u00e0 G\u00eanes<\/strong>comme l'affirment la plupart des historiens, et \u00e9tait donc majorquin.<\/p>\n<p>Nous revenons, plus ou moins, \u00e0 la m\u00eame p\u00e9riode que celle que j'ai r\u00e9cemment pass\u00e9e en revue dans la <a title=\"Leonardo da Vince, La C\u00e8ne et Ludovico Sforza\" href=\"http:\/\/josemariacastillejo.com\/leonardo-da-vinci-la-ultima-cena-y-ludovico-sforza-i\/\" target=\"_blank\">post about Ludovico the Moor<\/a> de Milan et la fresque de la C\u00e8ne de L\u00e9onard de Vinci.<!--more--><\/p>\n<p><a href=\"http:\/\/es.wikipedia.org\/wiki\/Juan_II_de_Arag%C3%B3n\">Jean II d'Aragon<\/a>n\u00e9 \u00e0 Medina del Campo le 29 juin 1398, \u00e9tait le fils de\u00a0<a href=\"http:\/\/es.wikipedia.org\/wiki\/Fernando_I_de_Arag%C3%B3n\">Ferdinand Ier d'Aragon<\/a>. Il \u00e9tait \u00e9galement le fr\u00e8re de <a href=\"http:\/\/es.wikipedia.org\/wiki\/Alfonso_V_de_Arag%C3%B3n\">Alphonse V le Magnanime<\/a>. Alphonse, mari\u00e9 \u00e0 Marie de Castille, n'ayant pas de descendance l\u00e9gitime, c'est Juan, son fr\u00e8re, qui lui succ\u00e8de sur le tr\u00f4ne d'Aragon. Jean II d'Aragon \u00e9tait \u00e9galement le beau-fr\u00e8re de Jean II de Castille, par l'interm\u00e9diaire du mariage de ce dernier avec la s\u0153ur de Jean, Marie d'Aragon.<\/p>\n<p><a href=\"http:\/\/josemariacastillejo.com\/wp-content\/uploads\/2011\/08\/Genealogia-de-los-reyes-de-Espana-de-1398-a-1598.jpg\"><img loading=\"lazy\" decoding=\"async\" class=\"aligncenter size-full wp-image-1426\" alt=\"Genealogia-de-los-reyes-de-Espana-de-1398-a-1598\" src=\"http:\/\/josemariacastillejo.com\/wp-content\/uploads\/2011\/08\/Genealogia-de-los-reyes-de-Espana-de-1398-a-1598.jpg\" width=\"599\" height=\"392\" srcset=\"https:\/\/josemariacastillejo.com\/wp-content\/uploads\/2011\/08\/Genealogia-de-los-reyes-de-Espana-de-1398-a-1598.jpg 599w, https:\/\/josemariacastillejo.com\/wp-content\/uploads\/2011\/08\/Genealogia-de-los-reyes-de-Espana-de-1398-a-1598-300x196.jpg 300w\" sizes=\"(max-width: 599px) 100vw, 599px\" \/><\/a><\/p>\n<p>Le 18 juin 1420, Jean II d'Aragon se marie \u00e0 Pampelune avec <a href=\"http:\/\/es.wikipedia.org\/wiki\/Blanca_I_de_Navarra\">Do\u00f1a Blanca de Navarre<\/a>. Il s'agit du second mariage de Do\u00f1a Blanca et d'un mariage d'\u00c9tat : si elle avait des enfants, les royaumes d'Aragon et de Navarre seraient unifi\u00e9s. Do\u00f1a Blanca \u00e9tait la fille a\u00een\u00e9e de <a href=\"http:\/\/es.wikipedia.org\/wiki\/Carlos_III_de_Navarra\" target=\"_blank\">Don Carlos III de Navarre<\/a>connu sous le nom de \"Noble et <a href=\"http:\/\/es.wikipedia.org\/wiki\/Leonor_de_Trast%C3%A1mara\" target=\"_blank\">Do\u00f1a Leonor de Castille<\/a>. Il a surv\u00e9cu \u00e0 deux fr\u00e8res, Carlos et Luis, qui sont d\u00e9c\u00e9d\u00e9s alors qu'ils \u00e9taient encore enfants.<\/p>\n<p>De leur mariage, moins d'un an apr\u00e8s leur mariage, il est n\u00e9 \u00e0 Pe\u00f1afiel, le 29 mai 1421, <a href=\"http:\/\/es.wikipedia.org\/wiki\/Carlos_de_Viana\" target=\"_blank\">Don Carlos de Trast\u00e1mara<\/a>petit-fils de Don Carlos III de Navarre et \u00e9galement connu sous le nom de Carlos IV de Navarre ou, plus commun\u00e9ment, sous le nom de <strong>Pr\u00edncipe de Viana. <\/strong>Il fut le premier \u00e0 porter ce titre et \u00e0 \u00eatre institu\u00e9 par Don Carlos III comme h\u00e9ritier de la couronne de Navarre. Fait curieux : les parrains de son bapt\u00eame \u00e9taient son oncle Juan II, roi de Castille, et son oncle Juan II, roi de Navarre. <a href=\"http:\/\/en.wikipedia.org\/wiki\/%C3%81lvaro_de_Luna,_Duke_of_Trujillo\" target=\"_blank\">Don Alvaro de Luna<\/a>le valet de Juan II de Castille. Tous deux deviendront de grands ennemis de son p\u00e8re peu apr\u00e8s son bapt\u00eame.<\/p>\n<figure id=\"attachment_1429\" aria-describedby=\"caption-attachment-1429\" style=\"width: 220px\" class=\"wp-caption aligncenter\"><a href=\"http:\/\/josemariacastillejo.com\/wp-content\/uploads\/2011\/08\/220px-Princep_carles_de_viana.jpg\"><img loading=\"lazy\" decoding=\"async\" class=\"size-full wp-image-1429\" alt=\"Carlos, Pr\u00edncipe de Viana\" src=\"http:\/\/josemariacastillejo.com\/wp-content\/uploads\/2011\/08\/220px-Princep_carles_de_viana.jpg\" width=\"220\" height=\"367\" srcset=\"https:\/\/josemariacastillejo.com\/wp-content\/uploads\/2011\/08\/220px-Princep_carles_de_viana.jpg 220w, https:\/\/josemariacastillejo.com\/wp-content\/uploads\/2011\/08\/220px-Princep_carles_de_viana-179x300.jpg 179w\" sizes=\"(max-width: 220px) 100vw, 220px\" \/><\/a><figcaption id=\"caption-attachment-1429\" class=\"wp-caption-text\">Charles, Prince de Viana<\/figcaption><\/figure>\n<p>\u00c0 l'\u00e2ge de 20 ans, Charles, prince de Viana, voit mourir sa m\u00e8re, la reine de Navarre. Son p\u00e8re, Juan d'Aragon, h\u00e9ritier de la couronne d'Aragon en tant que fr\u00e8re d'Alphonse V, au lieu de permettre \u00e0 son fils a\u00een\u00e9 d'\u00eatre nomm\u00e9 roi de Navarre en tant qu'unique h\u00e9ritier de Blanche de Navarre, et comme l'avait demand\u00e9 dans son testament sa d\u00e9funte \u00e9pouse et m\u00e8re de Charles, ne lui permit pas de recevoir la couronne. \u00c0 partir de ce moment, il entame avec son fils une querelle qui durera jusqu'\u00e0 la mort de Charles.<\/p>\n<p>D'abord Juan de Aragon se battant contre son propre fils, puis le for\u00e7ant \u00e0 se battre contre sa seconde femme et sa belle-m\u00e8re, <a href=\"http:\/\/en.wikipedia.org\/wiki\/Juana_Enr%C3%ADquez\" target=\"_blank\">Do\u00f1a Juana Enriquez<\/a>\u00a0qui revendiquaient la couronne de Navarre pour ses fils, alors qu'ils n'y avaient aucun droit, et qui l'ont ensuite contraint \u00e0 fuir \u00e0 Naples pour chercher la protection de son oncle Alphonse V, d\u00e9sormais tr\u00e8s \u00e2g\u00e9 mais toujours en vie et roi d'Aragon et de Naples.<\/p>\n<p>&nbsp;<\/p>\n<figure id=\"attachment_1427\" aria-describedby=\"caption-attachment-1427\" style=\"width: 220px\" class=\"wp-caption aligncenter\"><a href=\"http:\/\/josemariacastillejo.com\/wp-content\/uploads\/2011\/08\/220px-Alfonso-V-el-Magnanimo.jpg\"><img loading=\"lazy\" decoding=\"async\" class=\"size-full wp-image-1427\" alt=\"Alfonso V el Magn\u00e1nimo\" src=\"http:\/\/josemariacastillejo.com\/wp-content\/uploads\/2011\/08\/220px-Alfonso-V-el-Magnanimo.jpg\" width=\"220\" height=\"280\" \/><\/a><figcaption id=\"caption-attachment-1427\" class=\"wp-caption-text\">Alphonse V le Magnanime<\/figcaption><\/figure>\n<p><a href=\"http:\/\/josemariacastillejo.com\/wp-content\/uploads\/2011\/08\/220px-Alfonso-V-el-Magnanimo.jpg\"><br \/>\n<\/a><a href=\"http:\/\/josemariacastillejo.com\/wp-content\/uploads\/2011\/08\/Escudo-Alfonso-V-El-Magnanimo.jpg\"><img loading=\"lazy\" decoding=\"async\" class=\"aligncenter size-full wp-image-1430\" alt=\"Escudo Alfonso V El Magnanimo\" src=\"http:\/\/josemariacastillejo.com\/wp-content\/uploads\/2011\/08\/Escudo-Alfonso-V-El-Magnanimo.jpg\" width=\"200\" height=\"324\" srcset=\"https:\/\/josemariacastillejo.com\/wp-content\/uploads\/2011\/08\/Escudo-Alfonso-V-El-Magnanimo.jpg 200w, https:\/\/josemariacastillejo.com\/wp-content\/uploads\/2011\/08\/Escudo-Alfonso-V-El-Magnanimo-185x300.jpg 185w\" sizes=\"(max-width: 200px) 100vw, 200px\" \/><\/a><\/p>\n<p>\u00c0 la mort de son oncle Alphonse V, Don Carlos tente de se rapprocher de son p\u00e8re.<\/p>\n<p>Juan h\u00e9rite de la couronne de son fr\u00e8re et devient roi d'Aragon, sous le nom de Juan II d'Aragon. Charles pensait que son p\u00e8re, une fois la couronne conquise, le soutiendrait enfin pour qu'il puisse r\u00e9gner en Navarre, le royaume dont il \u00e9tait propri\u00e9taire.<\/p>\n<p>Il va jusqu'\u00e0 demander \u00e0 son p\u00e8re de le soutenir dans son projet de mariage avec Isabelle de Castille, la s\u0153ur du roi Henri IV. Elle sera connue sous le nom de reine Isabelle la Catholique, bien qu'\u00e0 l'\u00e9poque elle ne soit encore que la demi-s\u0153ur du roi de Castille. Ce mariage est approuv\u00e9 par le roi de Castille lui-m\u00eame, demi-fr\u00e8re d'Isabelle. Si Henri IV r\u00e9ussit \u00e0 marier le prince de Viana \u00e0 sa s\u0153ur, il l'emp\u00eachera d'\u00e9pouser Catherine de Portugal. Or, le p\u00e8re du prince, Jean II d'Aragon, avait pr\u00e9vu le mariage avec Isabelle pour un autre de ses fils, Ferdinand. Une fois de plus, Juana Enriquez, la seconde \u00e9pouse du p\u00e8re de Charles, s'oppose \u00e0 ce dernier.<\/p>\n<p>Au lieu de l'aider, Juan II trompa son fils et lui demanda de se rendre \u00e0 Majorque pour s'emparer des ch\u00e2teaux qui lui correspondaient en tant que roi de Majorque. Une fois arriv\u00e9 sur l'\u00eele, il fut captur\u00e9 et emmen\u00e9 au ch\u00e2teau de Santueri. C'est ce m\u00eame ch\u00e2teau que j'ai sous les yeux.<\/p>\n<figure id=\"attachment_1428\" aria-describedby=\"caption-attachment-1428\" style=\"width: 287px\" class=\"wp-caption aligncenter\"><a href=\"http:\/\/josemariacastillejo.com\/wp-content\/uploads\/2011\/08\/Juan-II-de-arag\u00f3n.jpg\"><img loading=\"lazy\" decoding=\"async\" class=\"size-full wp-image-1428\" alt=\"Juan II de Arag\u00f3n\" src=\"http:\/\/josemariacastillejo.com\/wp-content\/uploads\/2011\/08\/Juan-II-de-arag\u00f3n.jpg\" width=\"287\" height=\"400\" srcset=\"https:\/\/josemariacastillejo.com\/wp-content\/uploads\/2011\/08\/Juan-II-de-arag\u00f3n.jpg 287w, https:\/\/josemariacastillejo.com\/wp-content\/uploads\/2011\/08\/Juan-II-de-arag\u00f3n-215x300.jpg 215w\" sizes=\"(max-width: 287px) 100vw, 287px\" \/><\/a><figcaption id=\"caption-attachment-1428\" class=\"wp-caption-text\">Jean II d'Aragon<\/figcaption><\/figure>\n<p>Tout cela se passe entre le 28 ao\u00fbt 1459 et le 28 mars 1460, date \u00e0 laquelle Charles quitte Barcelone, o\u00f9 il avait \u00e9t\u00e9 re\u00e7u avec les honneurs de roi qui lui \u00e9taient dus. De la r\u00e9ception royale \u00e0 Barcelone \u00e0 son emprisonnement pour la trahison de son p\u00e8re. Une prison qui l'accompagnera de ch\u00e2teau en ch\u00e2teau jusqu'\u00e0 la fin de ses jours. Son p\u00e8re cherche \u00e0 obtenir de son fils une renonciation \u00e0 ses droits qu'il n'obtiendra jamais. Le 23 septembre 1461, un peu plus d'un an apr\u00e8s avoir quitt\u00e9 Majorque et \u00e0 l'\u00e2ge de quarante ans, il meurt au palais royal de Barcelone.<\/p>\n<p>Don Carlos n'a pas r\u00e9ussi \u00e0 atteindre le but qu'il s'\u00e9tait fix\u00e9, \u00e0 savoir un tr\u00f4ne qui lui revenait de droit et de sang. En revanche, il a eu une chance inou\u00efe de r\u00e9pondre \u00e0 ses amours.<\/p>\n<p>Il est \u00e9tabli que, bien qu'il n'ait pas eu d'enfant de son mariage avec <a href=\"http:\/\/pt.wikipedia.org\/wiki\/In%C3%AAs_de_Cleves\" target=\"_blank\">Do\u00f1a In\u00e9s de Cleves<\/a>Il est devenu veuf peu apr\u00e8s son mariage, mais il a eu trois femmes qu'il a courtis\u00e9es et qu'il n'a jamais \u00e9pous\u00e9es : <a href=\"http:\/\/www.lebrelblanco.com\/anexos\/a0213.htm\" target=\"_blank\">Do\u00f1a Mar\u00eda de Armend\u00e1riz<\/a>dont est issue Do\u00f1a Ana de Navarra y Arag\u00f3n. Do\u00f1a Ana a \u00e9pous\u00e9 <a href=\"http:\/\/es.wikipedia.org\/wiki\/Luis_de_la_Cerda_y_de_la_Vega\">Don Luis de la Cerda<\/a>5e comte et 1er duc de Medinaceli. Il a \u00e9galement eu un fils avec Do\u00f1a Brianda Vaca, avec qui il est n\u00e9. <a href=\"http:\/\/www.poblet-pviana.com\/PRINCIPE%20RESTOS\/felipedenavarra.htm\">Philippe, comte de Beaufort<\/a> et un autre fils d'une troisi\u00e8me femme nomm\u00e9e Margarida Capa, avec laquelle il est n\u00e9. <a href=\"http:\/\/www.poblet-pviana.com\/PRINCIPE%20RESTOS\/juanalfonso.htm\">Don Juan Alfonso de Navarre et d'Aragon<\/a>qui deviendra \u00e9v\u00eaque de Huesca.<\/p>\n<p>Il a donc \u00e9t\u00e9 tr\u00e8s prolifique dans ses relations amoureuses et a eu des enfants qu'il a reconnus \u00e0 chacune de ces relations. Mais ce ne sont pas les seules relations qu'il a eues. Il y en a eu d'autres, bien connues, comme celles qu'il a eues avec\u00a0<a href=\"http:\/\/es.wikipedia.org\/wiki\/Catalina_de_Portugal_(1436-1463)\">Catherine de Portugal<\/a>qui, apr\u00e8s la mort du prince, est entr\u00e9 dans la <a href=\"http:\/\/es.wikipedia.org\/wiki\/Convento_de_Santa_Clara\">Couvent de Santa Clara de Coimbra<\/a>\u00a0o\u00f9 il passera le reste de ses jours.<\/p>\n<p>La th\u00e9orie d\u00e9fendue par Gabriel Verd dans son livre, citant le livre de Manuel Iribarren \"Le prince de Viana, un destin contrari\u00e9\", est qu'il y a \u00e9galement eu une femme dans sa vie pendant qu'il \u00e9tait emprisonn\u00e9 au ch\u00e2teau de Santueri : Margarita Colom. Pour le prouver, il brandit un document \u00e9crit par le prince lui-m\u00eame au gouverneur de Majorque, dat\u00e9 du 28 octobre 1459, dans lequel il dit : \"[...]<em>Nous vous remercions beaucoup pour ce que vous avez fait sur la recommandation de Margarita, la v\u00e9rit\u00e9 montrera ce que vous avez ressenti \u00e0 propos de son arrestation.<\/em>\". S'il est arriv\u00e9 en ao\u00fbt et qu'en octobre il savait que Marguerite \u00e9tait enceinte, l'enfant a d\u00fb na\u00eetre en juin 1460. Leur fils aurait eu un peu plus d'un an \u00e0 la mort de Charles.<\/p>\n<figure id=\"attachment_1702\" aria-describedby=\"caption-attachment-1702\" style=\"width: 400px\" class=\"wp-caption aligncenter\"><a href=\"http:\/\/josemariacastillejo.com\/wp-content\/uploads\/2011\/08\/Colon-grabado.gif\"><img loading=\"lazy\" decoding=\"async\" class=\"size-full wp-image-1702\" alt=\"Crist\u00f3bal Col\u00f3n\" src=\"http:\/\/josemariacastillejo.com\/wp-content\/uploads\/2011\/08\/Colon-grabado.gif\" width=\"400\" height=\"392\" \/><\/a><figcaption id=\"caption-attachment-1702\" class=\"wp-caption-text\">Christophe Colomb<\/figcaption><\/figure>\n<p>\"<em>Cette Margarita \u00e9tait la fille de Juan Colom, le p\u00e8re de quelques fugitifs majorquins qui \u00e9taient au service des <\/em><a href=\"http:\/\/es.wikipedia.org\/wiki\/Renato_I_de_N%C3%A1poles\"><em>Don Renato d'Anjou<\/em><\/a><em>qui vivait \u00e0 l'\u00e9poque dans la commune de Felanitx, dans une ferme appel\u00e9e Sa Alquer\u00eda Roja, aujourd'hui Son Ramonet, situ\u00e9e \u00e0 environ deux kilom\u00e8tres de la ville de Felanitx et \u00e0 proximit\u00e9 du ch\u00e2teau de Santueri.<\/em>\"Gabriel Verd, \"Christophe Colomb et la r\u00e9v\u00e9lation de l'\u00e9nigme\" p. 62. Les fr\u00e8res fugitifs avaient d\u00fb fuir Majorque apr\u00e8s avoir men\u00e9 une r\u00e9volte contre les nobles locaux et avaient d\u00e9barqu\u00e9 \u00e0 G\u00eanes, o\u00f9 ils gagnaient leur vie au service de Don Renato.<\/p>\n<p>A partir de l\u00e0 commence toute une histoire qui justifie et explique la vie de Christophe Colomb sous cet angle.<\/p>\n<figure id=\"attachment_1700\" aria-describedby=\"caption-attachment-1700\" style=\"width: 300px\" class=\"wp-caption aligncenter\"><a href=\"http:\/\/josemariacastillejo.com\/wp-content\/uploads\/2011\/08\/carabelas500-300x240.jpg\"><img loading=\"lazy\" decoding=\"async\" class=\"size-full wp-image-1700\" alt=\"Tres Carabelas\" src=\"http:\/\/josemariacastillejo.com\/wp-content\/uploads\/2011\/08\/carabelas500-300x240.jpg\" width=\"300\" height=\"240\" \/><\/a><figcaption id=\"caption-attachment-1700\" class=\"wp-caption-text\">Trois caravelles<\/figcaption><\/figure>\n<figure id=\"attachment_1703\" aria-describedby=\"caption-attachment-1703\" style=\"width: 1416px\" class=\"wp-caption aligncenter\"><a href=\"http:\/\/josemariacastillejo.com\/wp-content\/uploads\/2011\/08\/travesias-de-cristobal-colon-en-infografia.jpg\"><img loading=\"lazy\" decoding=\"async\" class=\"size-full wp-image-1703\" alt=\"Traves\u00edas de Crist\u00f3bal Col\u00f3n\" src=\"http:\/\/josemariacastillejo.com\/wp-content\/uploads\/2011\/08\/travesias-de-cristobal-colon-en-infografia.jpg\" width=\"1416\" height=\"1600\" srcset=\"https:\/\/josemariacastillejo.com\/wp-content\/uploads\/2011\/08\/travesias-de-cristobal-colon-en-infografia.jpg 1416w, https:\/\/josemariacastillejo.com\/wp-content\/uploads\/2011\/08\/travesias-de-cristobal-colon-en-infografia-265x300.jpg 265w, https:\/\/josemariacastillejo.com\/wp-content\/uploads\/2011\/08\/travesias-de-cristobal-colon-en-infografia-906x1024.jpg 906w\" sizes=\"(max-width: 1416px) 100vw, 1416px\" \/><\/a><figcaption id=\"caption-attachment-1703\" class=\"wp-caption-text\">Voyages de Christophe Colomb<\/figcaption><\/figure>\n<p>Je vous invite \u00e0 rechercher le livre que je cite, \u00e0 le lire et \u00e0 tirer vos propres conclusions.<\/p>\n<p>&nbsp;<\/p>\n<p>&nbsp;<\/p>\n<p>&nbsp;<\/p>\n<p>&nbsp;<\/p>\n<p>&nbsp;<\/p>","protected":false},"excerpt":{"rendered":"<p>Je suis \u00e0 Majorque et j'ai en ligne de mire le ch\u00e2teau de Santueri \u00e0 Felanitx. Ce ch\u00e2teau, construit sur une importante \u00e9l\u00e9vation montagneuse et d'o\u00f9 l'on peut voir presque toute la c\u00f4te nord et est de l'\u00eele de Majorque, Minorque et Cabrera, une tour de guet d\u00e9fensive imprenable, est l'endroit o\u00f9 il est suppos\u00e9 avoir eu lieu [...].<\/p>","protected":false},"author":1,"featured_media":1701,"comment_status":"open","ping_status":"open","sticky":false,"template":"","format":"standard","meta":{"footnotes":""},"categories":[8],"tags":[243,239,225,240,242,241,244],"class_list":["post-642","post","type-post","status-publish","format-standard","has-post-thumbnail","hentry","category-la-pata-del-cid","tag-carlos-de-trastamara","tag-castillo-de-santueri","tag-cristobal-colon","tag-felanitx","tag-gabriel-verd-martorell","tag-mallorca","tag-principe-de-viana"],"_links":{"self":[{"href":"https:\/\/josemariacastillejo.com\/fr\/wp-json\/wp\/v2\/posts\/642","targetHints":{"allow":["GET"]}}],"collection":[{"href":"https:\/\/josemariacastillejo.com\/fr\/wp-json\/wp\/v2\/posts"}],"about":[{"href":"https:\/\/josemariacastillejo.com\/fr\/wp-json\/wp\/v2\/types\/post"}],"author":[{"embeddable":true,"href":"https:\/\/josemariacastillejo.com\/fr\/wp-json\/wp\/v2\/users\/1"}],"replies":[{"embeddable":true,"href":"https:\/\/josemariacastillejo.com\/fr\/wp-json\/wp\/v2\/comments?post=642"}],"version-history":[{"count":19,"href":"https:\/\/josemariacastillejo.com\/fr\/wp-json\/wp\/v2\/posts\/642\/revisions"}],"predecessor-version":[{"id":651,"href":"https:\/\/josemariacastillejo.com\/fr\/wp-json\/wp\/v2\/posts\/642\/revisions\/651"}],"wp:featuredmedia":[{"embeddable":true,"href":"https:\/\/josemariacastillejo.com\/fr\/wp-json\/wp\/v2\/media\/1701"}],"wp:attachment":[{"href":"https:\/\/josemariacastillejo.com\/fr\/wp-json\/wp\/v2\/media?parent=642"}],"wp:term":[{"taxonomy":"category","embeddable":true,"href":"https:\/\/josemariacastillejo.com\/fr\/wp-json\/wp\/v2\/categories?post=642"},{"taxonomy":"post_tag","embeddable":true,"href":"https:\/\/josemariacastillejo.com\/fr\/wp-json\/wp\/v2\/tags?post=642"}],"curies":[{"name":"wp","href":"https:\/\/api.w.org\/{rel}","templated":true}]}}