{"id":846,"date":"2011-12-05T16:51:30","date_gmt":"2011-12-05T16:51:30","guid":{"rendered":"http:\/\/josemariacastillejo.com\/?p=846"},"modified":"2013-06-08T12:32:21","modified_gmt":"2013-06-08T12:32:21","slug":"el-conde-de-pocoyo-entrevista","status":"publish","type":"post","link":"https:\/\/josemariacastillejo.com\/fr\/blog\/2011\/12\/05\/el-conde-de-pocoyo-entrevista\/","title":{"rendered":"Le comte de Pocoyo"},"content":{"rendered":"<p style=\"text-align: justify;\"><strong><em>Voici une interview qui a \u00e9t\u00e9 publi\u00e9e ce week-end dans diff\u00e9rents m\u00e9dias tels que El Correo, Ideal, La Verdad et Sur, entre autres. Vous pourrez y lire quelques d\u00e9tails de ma vie. J'esp\u00e8re qu'elle vous plaira. <\/em><\/strong><\/p>\n<p><strong><em><a href=\"http:\/\/josemariacastillejo.com\/wp-content\/uploads\/2011\/12\/03.12.2011-La-Verdad-pdf.pdf\" target=\"_blank\"><img fetchpriority=\"high\" decoding=\"async\" class=\"aligncenter size-medium wp-image-849\" title=\"03.12.2011 La Verdad pdf_P\u00e1gina_1\" alt=\"\" src=\"http:\/\/josemariacastillejo.com\/wp-content\/uploads\/2011\/12\/03.12.2011-La-Verdad-pdf_P\u00e1gina_11-216x300.jpg\" width=\"216\" height=\"300\" srcset=\"https:\/\/josemariacastillejo.com\/wp-content\/uploads\/2011\/12\/03.12.2011-La-Verdad-pdf_P\u00e1gina_11-216x300.jpg 216w, https:\/\/josemariacastillejo.com\/wp-content\/uploads\/2011\/12\/03.12.2011-La-Verdad-pdf_P\u00e1gina_11-740x1024.jpg 740w\" sizes=\"(max-width: 216px) 100vw, 216px\" \/><\/a><\/em><\/strong><\/p>\n<p><!--more--><\/p>","protected":false},"excerpt":{"rendered":"<p>Voici une interview qui a \u00e9t\u00e9 publi\u00e9e ce week-end dans diff\u00e9rents m\u00e9dias tels que El Correo, Ideal, La Verdad et Sur, entre autres. Vous pourrez y lire quelques d\u00e9tails de ma vie. J'esp\u00e8re qu'elle vous plaira.<\/p>","protected":false},"author":1,"featured_media":849,"comment_status":"open","ping_status":"open","sticky":false,"template":"","format":"standard","meta":{"footnotes":""},"categories":[9],"tags":[304,10,74,305],"class_list":["post-846","post","type-post","status-publish","format-standard","has-post-thumbnail","hentry","category-en-los-medios","tag-detalles","tag-entrevista","tag-medios","tag-vida"],"_links":{"self":[{"href":"https:\/\/josemariacastillejo.com\/fr\/wp-json\/wp\/v2\/posts\/846","targetHints":{"allow":["GET"]}}],"collection":[{"href":"https:\/\/josemariacastillejo.com\/fr\/wp-json\/wp\/v2\/posts"}],"about":[{"href":"https:\/\/josemariacastillejo.com\/fr\/wp-json\/wp\/v2\/types\/post"}],"author":[{"embeddable":true,"href":"https:\/\/josemariacastillejo.com\/fr\/wp-json\/wp\/v2\/users\/1"}],"replies":[{"embeddable":true,"href":"https:\/\/josemariacastillejo.com\/fr\/wp-json\/wp\/v2\/comments?post=846"}],"version-history":[{"count":3,"href":"https:\/\/josemariacastillejo.com\/fr\/wp-json\/wp\/v2\/posts\/846\/revisions"}],"predecessor-version":[{"id":851,"href":"https:\/\/josemariacastillejo.com\/fr\/wp-json\/wp\/v2\/posts\/846\/revisions\/851"}],"wp:featuredmedia":[{"embeddable":true,"href":"https:\/\/josemariacastillejo.com\/fr\/wp-json\/wp\/v2\/media\/849"}],"wp:attachment":[{"href":"https:\/\/josemariacastillejo.com\/fr\/wp-json\/wp\/v2\/media?parent=846"}],"wp:term":[{"taxonomy":"category","embeddable":true,"href":"https:\/\/josemariacastillejo.com\/fr\/wp-json\/wp\/v2\/categories?post=846"},{"taxonomy":"post_tag","embeddable":true,"href":"https:\/\/josemariacastillejo.com\/fr\/wp-json\/wp\/v2\/tags?post=846"}],"curies":[{"name":"wp","href":"https:\/\/api.w.org\/{rel}","templated":true}]}}