{"id":875,"date":"2012-01-18T07:34:44","date_gmt":"2012-01-18T07:34:44","guid":{"rendered":"http:\/\/josemariacastillejo.com\/?p=875"},"modified":"2012-01-18T07:34:44","modified_gmt":"2012-01-18T07:34:44","slug":"pocoyo-inaugura-el-espacio-unicef-en-barcelona","status":"publish","type":"post","link":"https:\/\/josemariacastillejo.com\/fr\/blog\/2012\/01\/18\/pocoyo-inaugura-el-espacio-unicef-en-barcelona\/","title":{"rendered":"Pocoyo ouvre un espace UNICEF \u00e0 Barcelone"},"content":{"rendered":"<p style=\"text-align: justify;\">Le dernier No\u00ebl, <a href=\"http:\/\/www.pocoyo.com\/\" target=\"_blank\">Pocoyo<\/a> a inaugur\u00e9 le <a href=\"http:\/\/www.unicef.es\/actualidad-documentacion\/blog\/pocoyo-inaugura-la-nueva-tienda-de-unicef-en-barcelona\" target=\"_blank\">L'UNICEF \u00e0 Barcelone<\/a>La boutique de nouveaux produits de cette organisation internationale est situ\u00e9e dans les locaux de <strong><a href=\"http:\/\/www.pedralbescentre.com\/\" target=\"_blank\">Centre Pedralbes<\/a><\/strong>.<a href=\"http:\/\/josemariacastillejo.com\/wp-content\/uploads\/2012\/01\/UNICEF-Barcelona.png\"><img decoding=\"async\" class=\"alignright size-full wp-image-876\" title=\"UNICEF Barcelone\" src=\"http:\/\/josemariacastillejo.com\/wp-content\/uploads\/2012\/01\/UNICEF-Barcelona.png\" alt=\"\" width=\"176\" height=\"260\" \/><\/a><!--more--><\/p>\n<p style=\"text-align: justify;\">Une centaine <strong>enfants<\/strong> a rencontr\u00e9 en personne le repr\u00e9sentant de<a href=\"http:\/\/www.zinkia.com\/\" target=\"_blank\"> Zinkia <\/a>plus internationale, avec laquelle elle est devenue<strong> photos<\/strong>, <strong>dans\u00e9, partag\u00e9 des jeux et appris des choses<\/strong>et a profit\u00e9 de l'occasion pour encourager les personnes pr\u00e9sentes \u00e0 lutter pour les droits des enfants et des jeunes. <strong>droits de l'enfant<\/strong>.<\/p>\n<p style=\"text-align: justify;\">Pocoyo a \u00e9galement voulu r\u00e9affirmer son engagement dans la campagne de <a href=\"http:\/\/www.dona1dia.com\/\" target=\"_blank\">Unicef Donate 1 Day,<\/a> dont je vous ai d\u00e9j\u00e0 parl\u00e9, et qui vise \u00e0 ce que chacun d'entre nous fasse don \"symboliquement\" d'un ou plusieurs jours de sa vie et contribue ainsi \u00e0 la d\u00e9fense des mineurs les plus d\u00e9favoris\u00e9s. La r\u00e9ponse \u00e0 l'initiative a \u00e9t\u00e9 spectaculaire avec <strong>plus de 600 000 jours de dons<\/strong>. Je sais que vous \u00eates nombreux \u00e0 avoir rendu ce chiffre possible, et je vous en remercie au nom de Zinkia et de Pocoy\u00f3.<\/p>","protected":false},"excerpt":{"rendered":"<p>A No\u00ebl dernier, Pocoyo a inaugur\u00e9 l'Espace UNICEF \u00e0 Barcelone, la nouvelle boutique de produits de cette organisation internationale qui se trouve dans les installations du Centre Pedralbes.<\/p>","protected":false},"author":1,"featured_media":0,"comment_status":"open","ping_status":"open","sticky":false,"template":"","format":"standard","meta":{"footnotes":""},"categories":[5],"tags":[320,321,319,317,318,16,94,88,280],"class_list":["post-875","post","type-post","status-publish","format-standard","hentry","category-pocoyo","tag-aprendizaje","tag-campana","tag-juegos","tag-navidades","tag-organizacion","tag-pocoyo-2","tag-productos","tag-tienda","tag-unicef"],"_links":{"self":[{"href":"https:\/\/josemariacastillejo.com\/fr\/wp-json\/wp\/v2\/posts\/875","targetHints":{"allow":["GET"]}}],"collection":[{"href":"https:\/\/josemariacastillejo.com\/fr\/wp-json\/wp\/v2\/posts"}],"about":[{"href":"https:\/\/josemariacastillejo.com\/fr\/wp-json\/wp\/v2\/types\/post"}],"author":[{"embeddable":true,"href":"https:\/\/josemariacastillejo.com\/fr\/wp-json\/wp\/v2\/users\/1"}],"replies":[{"embeddable":true,"href":"https:\/\/josemariacastillejo.com\/fr\/wp-json\/wp\/v2\/comments?post=875"}],"version-history":[{"count":3,"href":"https:\/\/josemariacastillejo.com\/fr\/wp-json\/wp\/v2\/posts\/875\/revisions"}],"predecessor-version":[{"id":879,"href":"https:\/\/josemariacastillejo.com\/fr\/wp-json\/wp\/v2\/posts\/875\/revisions\/879"}],"wp:attachment":[{"href":"https:\/\/josemariacastillejo.com\/fr\/wp-json\/wp\/v2\/media?parent=875"}],"wp:term":[{"taxonomy":"category","embeddable":true,"href":"https:\/\/josemariacastillejo.com\/fr\/wp-json\/wp\/v2\/categories?post=875"},{"taxonomy":"post_tag","embeddable":true,"href":"https:\/\/josemariacastillejo.com\/fr\/wp-json\/wp\/v2\/tags?post=875"}],"curies":[{"name":"wp","href":"https:\/\/api.w.org\/{rel}","templated":true}]}}