{"id":754,"date":"2011-10-06T09:46:28","date_gmt":"2011-10-06T09:46:28","guid":{"rendered":"http:\/\/josemariacastillejo.com\/?p=754"},"modified":"2011-10-06T09:46:28","modified_gmt":"2011-10-06T09:46:28","slug":"comando-actualidad-tve","status":"publish","type":"post","link":"https:\/\/josemariacastillejo.com\/hi\/blog\/2011\/10\/06\/comando-actualidad-tve\/","title":{"rendered":"\u0915\u0930\u0902\u091f \u0905\u092b\u0947\u092f\u0930\u094d\u0938 \u0915\u092e\u093e\u0902\u0921-\u091f\u0940\u0935\u0940\u0908"},"content":{"rendered":"<p>Recientemente tuve la oportunidad de participar en un reportaje elaborado por el programa de <strong>TVE Comando Actualidad<\/strong>, dedicado a los nobles de Espa\u00f1a. Aqu\u00ed os dejo el enlace para que pod\u00e1is verlo:<\/p>\n<p><a href=\"http:\/\/www.rtve.es\/noticias\/20111003\/comando-actualidad-zona-noble\/465800.shtml\" target=\"_blank\"><img decoding=\"async\" class=\"aligncenter size-thumbnail wp-image-755\" title=\"Comando Actualidad-nobles\" src=\"http:\/\/josemariacastillejo.com\/wp-content\/uploads\/2011\/10\/Comando-Actualidad-nobles-150x150.jpg\" alt=\"\" width=\"150\" height=\"150\" \/><\/a><\/p>\n<p><!--more--><\/p>","protected":false},"excerpt":{"rendered":"<p>\u0939\u093e\u0932 \u0939\u0940 \u092e\u0947\u0902 \u092e\u0941\u091d\u0947 \u091f\u0940\u0935\u0940\u0908 \u0915\u0947 \u0915\u093e\u0930\u094d\u092f\u0915\u094d\u0930\u092e &#039;\u0915\u092e\u093e\u0902\u0921\u094b \u090f\u0915\u094d\u091a\u0941\u0905\u0932\u093f\u0921\u093e\u0921&#039; \u0926\u094d\u0935\u093e\u0930\u093e \u0928\u093f\u0930\u094d\u092e\u093f\u0924 \u090f\u0915 \u0930\u093f\u092a\u094b\u0930\u094d\u091f \u092e\u0947\u0902 \u092d\u093e\u0917 \u0932\u0947\u0928\u0947 \u0915\u093e \u0905\u0935\u0938\u0930 \u092e\u093f\u0932\u093e, \u091c\u094b \u0938\u094d\u092a\u0947\u0928 \u0915\u0947 \u0915\u0941\u0932\u0940\u0928 \u0935\u0930\u094d\u0917 \u0915\u094b \u0938\u092e\u0930\u094d\u092a\u093f\u0924 \u0939\u0948\u0964 \u0907\u0938\u0947 \u0926\u0947\u0916\u0928\u0947 \u0915\u0947 \u0932\u093f\u090f \u0932\u093f\u0902\u0915 \u092f\u0939\u093e\u0901 \u0926\u093f\u092f\u093e \u0917\u092f\u093e \u0939\u0948:<\/p>","protected":false},"author":1,"featured_media":0,"comment_status":"open","ping_status":"open","sticky":false,"template":"","format":"standard","meta":{"footnotes":""},"categories":[9],"tags":[277,279,112,278],"class_list":["post-754","post","type-post","status-publish","format-standard","hentry","category-en-los-medios","tag-actualidad","tag-participar","tag-programa","tag-reportaje"],"_links":{"self":[{"href":"https:\/\/josemariacastillejo.com\/hi\/wp-json\/wp\/v2\/posts\/754","targetHints":{"allow":["GET"]}}],"collection":[{"href":"https:\/\/josemariacastillejo.com\/hi\/wp-json\/wp\/v2\/posts"}],"about":[{"href":"https:\/\/josemariacastillejo.com\/hi\/wp-json\/wp\/v2\/types\/post"}],"author":[{"embeddable":true,"href":"https:\/\/josemariacastillejo.com\/hi\/wp-json\/wp\/v2\/users\/1"}],"replies":[{"embeddable":true,"href":"https:\/\/josemariacastillejo.com\/hi\/wp-json\/wp\/v2\/comments?post=754"}],"version-history":[{"count":3,"href":"https:\/\/josemariacastillejo.com\/hi\/wp-json\/wp\/v2\/posts\/754\/revisions"}],"predecessor-version":[{"id":758,"href":"https:\/\/josemariacastillejo.com\/hi\/wp-json\/wp\/v2\/posts\/754\/revisions\/758"}],"wp:attachment":[{"href":"https:\/\/josemariacastillejo.com\/hi\/wp-json\/wp\/v2\/media?parent=754"}],"wp:term":[{"taxonomy":"category","embeddable":true,"href":"https:\/\/josemariacastillejo.com\/hi\/wp-json\/wp\/v2\/categories?post=754"},{"taxonomy":"post_tag","embeddable":true,"href":"https:\/\/josemariacastillejo.com\/hi\/wp-json\/wp\/v2\/tags?post=754"}],"curies":[{"name":"wp","href":"https:\/\/api.w.org\/{rel}","templated":true}]}}