{"id":1053,"date":"2012-09-28T07:48:52","date_gmt":"2012-09-28T07:48:52","guid":{"rendered":"http:\/\/josemariacastillejo.com\/?p=1053"},"modified":"2013-06-09T11:46:40","modified_gmt":"2013-06-09T11:46:40","slug":"pocoyo-y-jose-manuel-calderon-juntos-por-unicef","status":"publish","type":"post","link":"https:\/\/josemariacastillejo.com\/pt\/blog\/2012\/09\/28\/pocoyo-y-jose-manuel-calderon-juntos-por-unicef\/","title":{"rendered":"POCOY\u00d3 E JOS\u00c9 MANUEL CALDER\u00d3N, JUNTOS PELA UNICEF"},"content":{"rendered":"<p style=\"text-align: justify;\">Embora a educa\u00e7\u00e3o seja um direito fundamental das crian\u00e7as mais pequenas e um fator-chave para o desenvolvimento da sociedade, em alguns pa\u00edses, como <strong><a href=\"http:\/\/es.wikipedia.org\/wiki\/Nigeria\" target=\"_blank\">Nig\u00e9ria<\/a><\/strong> Menos de metade das crian\u00e7as em idade escolar completam o ensino prim\u00e1rio.<\/p>\n<p style=\"text-align: justify;\"><a href=\"http:\/\/josemariacastillejo.com\/wp-content\/uploads\/2012\/09\/310405_10151174910438217_1504144130_n1.jpg\"><img fetchpriority=\"high\" decoding=\"async\" class=\"aligncenter size-medium wp-image-1055\" title=\"310405_10151174910438217_1504144130_n\" alt=\"\" src=\"http:\/\/josemariacastillejo.com\/wp-content\/uploads\/2012\/09\/310405_10151174910438217_1504144130_n1-300x300.jpg\" width=\"300\" height=\"300\" srcset=\"https:\/\/josemariacastillejo.com\/wp-content\/uploads\/2012\/09\/310405_10151174910438217_1504144130_n1-300x300.jpg 300w, https:\/\/josemariacastillejo.com\/wp-content\/uploads\/2012\/09\/310405_10151174910438217_1504144130_n1-150x150.jpg 150w, https:\/\/josemariacastillejo.com\/wp-content\/uploads\/2012\/09\/310405_10151174910438217_1504144130_n1.jpg 403w\" sizes=\"(max-width: 300px) 100vw, 300px\" \/><\/a><\/p>\n<p style=\"text-align: justify;\"><!--more-->Uma situa\u00e7\u00e3o desoladora que, em muitos casos, est\u00e1 diretamente relacionada com a falta de espa\u00e7o adequado nas salas de aula, que carecem mesmo de elementos b\u00e1sicos como o acesso a \u00e1gua pot\u00e1vel e a instala\u00e7\u00f5es sanit\u00e1rias.<\/p>\n<p style=\"text-align: justify;\">Por esta raz\u00e3o, <a href=\"http:\/\/www.pocoyo.com\/\" target=\"_blank\">Pocoyo <\/a>y <a href=\"http:\/\/www.josemanuelcalderon.com\/\" target=\"_blank\">Jos\u00e9 Manuel Calder\u00f3n <\/a>juntaram-se \u00e0 edi\u00e7\u00e3o deste ano da <a href=\"https:\/\/www.unicef.es\/cooperacion-internacional\/donar-ong\/hacer-donacion\/ayuda-urgente-en-siria?gclid=CLjm663j17ICFcPHtAodkkkABQ\" target=\"_blank\">UNICEF Espanha <\/a>na campanha <a href=\"http:\/\/www.unicef.es\/infancia\/proyectos-desarrollo-cooperacion\/iniciativas\/gotas-para-niger\" target=\"_blank\">\"Gotas para o N\u00edger\", <\/a>com o objetivo de ajudar as crian\u00e7as do N\u00edger a verem cumprido o seu direito \u00e0 educa\u00e7\u00e3o e de encorajar as escolas espanholas a participarem e, assim, juntarem-se aos pequenos esfor\u00e7os que contribuem para levar um milh\u00e3o de crian\u00e7as nigerianas \u00e0 escola.<\/p>\n<p style=\"text-align: justify;\">Durante estas semanas, Calder\u00f3n e Pocoy\u00f3 protagonizam uma s\u00e9rie de pe\u00e7as promocionais que est\u00e3o a ser difundidas atrav\u00e9s dos canais oficiais online de Pocoy\u00f3 (<a href=\"http:\/\/www.youtube.com\/pocoyounicef\">www.youtube.com\/pocoyounicef<\/a>) e a UNICEF (<a href=\"http:\/\/www.unicef.es\/\">www.unicef.es<\/a>).<\/p>\n<p style=\"text-align: justify;\">No filme protagonizado por Pocoyo, Pocoyo e o seu amigo Pato vivem em primeira m\u00e3o a aventura de levar \u00e1gua a uma escola onde n\u00e3o h\u00e1 fonte de \u00e1gua pot\u00e1vel. Esta pe\u00e7a, produzida por<a href=\"http:\/\/www.zinkia.com\/\" target=\"_blank\"> Zinkia <\/a>para a UNICEF, conta de uma forma facilmente compreens\u00edvel para as crian\u00e7as mais pequenas uma dura realidade quotidiana no N\u00edger: apenas 15% das escolas do N\u00edger t\u00eam acesso a \u00e1gua pot\u00e1vel.<\/p>\n<p style=\"text-align: justify;\">\u00a0Pe\u00e7o a todos os leitores que dediquem alguns minutos a conhecer a proposta e a contribuir para a sua divulga\u00e7\u00e3o.<\/p>\n<p style=\"text-align: justify;\">","protected":false},"excerpt":{"rendered":"<p>Apesar de a educa\u00e7\u00e3o ser um direito fundamental das crian\u00e7as mais pequenas e um fator-chave para o desenvolvimento da sociedade, em alguns pa\u00edses, como a Nig\u00e9ria, menos de metade das crian\u00e7as em idade escolar completam o ensino prim\u00e1rio.<\/p>","protected":false},"author":1,"featured_media":392,"comment_status":"open","ping_status":"open","sticky":false,"template":"","format":"standard","meta":{"footnotes":""},"categories":[5],"tags":[321,118,456,455,289,16,52,12],"class_list":["post-1053","post","type-post","status-publish","format-standard","has-post-thumbnail","hentry","category-pocoyo","tag-campana","tag-derechos","tag-escolares","tag-nigeria","tag-ninos","tag-pocoyo-2","tag-sociedad","tag-zinkia-2"],"_links":{"self":[{"href":"https:\/\/josemariacastillejo.com\/pt\/wp-json\/wp\/v2\/posts\/1053","targetHints":{"allow":["GET"]}}],"collection":[{"href":"https:\/\/josemariacastillejo.com\/pt\/wp-json\/wp\/v2\/posts"}],"about":[{"href":"https:\/\/josemariacastillejo.com\/pt\/wp-json\/wp\/v2\/types\/post"}],"author":[{"embeddable":true,"href":"https:\/\/josemariacastillejo.com\/pt\/wp-json\/wp\/v2\/users\/1"}],"replies":[{"embeddable":true,"href":"https:\/\/josemariacastillejo.com\/pt\/wp-json\/wp\/v2\/comments?post=1053"}],"version-history":[{"count":4,"href":"https:\/\/josemariacastillejo.com\/pt\/wp-json\/wp\/v2\/posts\/1053\/revisions"}],"predecessor-version":[{"id":1647,"href":"https:\/\/josemariacastillejo.com\/pt\/wp-json\/wp\/v2\/posts\/1053\/revisions\/1647"}],"wp:featuredmedia":[{"embeddable":true,"href":"https:\/\/josemariacastillejo.com\/pt\/wp-json\/wp\/v2\/media\/392"}],"wp:attachment":[{"href":"https:\/\/josemariacastillejo.com\/pt\/wp-json\/wp\/v2\/media?parent=1053"}],"wp:term":[{"taxonomy":"category","embeddable":true,"href":"https:\/\/josemariacastillejo.com\/pt\/wp-json\/wp\/v2\/categories?post=1053"},{"taxonomy":"post_tag","embeddable":true,"href":"https:\/\/josemariacastillejo.com\/pt\/wp-json\/wp\/v2\/tags?post=1053"}],"curies":[{"name":"wp","href":"https:\/\/api.w.org\/{rel}","templated":true}]}}