{"id":1077,"date":"2012-10-30T14:33:44","date_gmt":"2012-10-30T14:33:44","guid":{"rendered":"http:\/\/josemariacastillejo.com\/?p=1077"},"modified":"2013-06-08T12:12:00","modified_gmt":"2013-06-08T12:12:00","slug":"fortalezas-de-espana-en-el-siglo-de-europa","status":"publish","type":"post","link":"https:\/\/josemariacastillejo.com\/pt\/blog\/2012\/10\/30\/fortalezas-de-espana-en-el-siglo-de-europa\/","title":{"rendered":"Fortalezas de Espanha, em El Siglo de Europa"},"content":{"rendered":"<p style=\"text-align: justify;\">A revista <a href=\"http:\/\/www.elsiglodeuropa.es\/\" target=\"_blank\">O s\u00e9culo da Europa<\/a> produziu um extenso relat\u00f3rio com as opini\u00f5es de v\u00e1rios executivos de empresas sobre o que consideram ser os pontos fortes de Espanha para ultrapassar a atual crise. Tive a honra de ser convidado a dar a minha opini\u00e3o.  Deixo-as aqui para que as leiam.<\/p>\n<p style=\"text-align: justify;\">\u00a0<a href=\"http:\/\/josemariacastillejo.com\/wp-content\/uploads\/2012\/10\/EL-SIGLO.pdf\"><img fetchpriority=\"high\" decoding=\"async\" class=\"aligncenter size-medium wp-image-1079\" title=\"O S\u00c9CULO_P\u00e1gina_1\" alt=\"\" src=\"http:\/\/josemariacastillejo.com\/wp-content\/uploads\/2012\/10\/EL-SIGLO_P\u00e1gina_1-239x300.jpg\" width=\"239\" height=\"300\" srcset=\"https:\/\/josemariacastillejo.com\/wp-content\/uploads\/2012\/10\/EL-SIGLO_P\u00e1gina_1-239x300.jpg 239w, https:\/\/josemariacastillejo.com\/wp-content\/uploads\/2012\/10\/EL-SIGLO_P\u00e1gina_1-818x1024.jpg 818w, https:\/\/josemariacastillejo.com\/wp-content\/uploads\/2012\/10\/EL-SIGLO_P\u00e1gina_1.jpg 1597w\" sizes=\"(max-width: 239px) 100vw, 239px\" \/><\/a><\/p>","protected":false},"excerpt":{"rendered":"<p>A revista El Siglo de Europa elaborou um extenso relat\u00f3rio com as opini\u00f5es de v\u00e1rios executivos de empresas sobre o que consideram ser os pontos fortes que a Espanha tem para ultrapassar a atual crise. Tive a honra de ser convidado a dar a minha opini\u00e3o.  Aqui ficam [...]<\/p>","protected":false},"author":1,"featured_media":1079,"comment_status":"open","ping_status":"open","sticky":false,"template":"","format":"standard","meta":{"footnotes":""},"categories":[9],"tags":[473,31,86,471,472],"class_list":["post-1077","post","type-post","status-publish","format-standard","has-post-thumbnail","hentry","category-en-los-medios","tag-el-siglo","tag-empresas","tag-espana","tag-fortalezas","tag-opiniones"],"_links":{"self":[{"href":"https:\/\/josemariacastillejo.com\/pt\/wp-json\/wp\/v2\/posts\/1077","targetHints":{"allow":["GET"]}}],"collection":[{"href":"https:\/\/josemariacastillejo.com\/pt\/wp-json\/wp\/v2\/posts"}],"about":[{"href":"https:\/\/josemariacastillejo.com\/pt\/wp-json\/wp\/v2\/types\/post"}],"author":[{"embeddable":true,"href":"https:\/\/josemariacastillejo.com\/pt\/wp-json\/wp\/v2\/users\/1"}],"replies":[{"embeddable":true,"href":"https:\/\/josemariacastillejo.com\/pt\/wp-json\/wp\/v2\/comments?post=1077"}],"version-history":[{"count":4,"href":"https:\/\/josemariacastillejo.com\/pt\/wp-json\/wp\/v2\/posts\/1077\/revisions"}],"predecessor-version":[{"id":1082,"href":"https:\/\/josemariacastillejo.com\/pt\/wp-json\/wp\/v2\/posts\/1077\/revisions\/1082"}],"wp:featuredmedia":[{"embeddable":true,"href":"https:\/\/josemariacastillejo.com\/pt\/wp-json\/wp\/v2\/media\/1079"}],"wp:attachment":[{"href":"https:\/\/josemariacastillejo.com\/pt\/wp-json\/wp\/v2\/media?parent=1077"}],"wp:term":[{"taxonomy":"category","embeddable":true,"href":"https:\/\/josemariacastillejo.com\/pt\/wp-json\/wp\/v2\/categories?post=1077"},{"taxonomy":"post_tag","embeddable":true,"href":"https:\/\/josemariacastillejo.com\/pt\/wp-json\/wp\/v2\/tags?post=1077"}],"curies":[{"name":"wp","href":"https:\/\/api.w.org\/{rel}","templated":true}]}}