{"id":1206,"date":"2013-05-03T16:56:27","date_gmt":"2013-05-03T16:56:27","guid":{"rendered":"http:\/\/josemariacastillejo.com\/?p=1206"},"modified":"2013-05-08T14:49:46","modified_gmt":"2013-05-08T14:49:46","slug":"washington-d-c-visita-a-la-national-gallery-of-art","status":"publish","type":"post","link":"https:\/\/josemariacastillejo.com\/pt\/blog\/2013\/05\/03\/washington-d-c-visita-a-la-national-gallery-of-art\/","title":{"rendered":"Washington, D.C., visita \u00e0 Galeria Nacional de Arte"},"content":{"rendered":"<p>Como referi no post anterior, t\u00ednhamos apresentado <strong>o projeto LAMP<\/strong>juntamente com <a href=\"http:\/\/www.hitn.tv\">HITN<\/a> no <a href=\"http:\/\/www.newseum.org\/exhibits-and-theaters\/the-knight-studios\/\">Est\u00fadios Knight<\/a> de <a href=\"http:\/\/www.newseum.org\">Newsmuseum<\/a> na Pennsylvania Avenue e ficava l\u00e1 durante algum tempo at\u00e9 ter de ir para o aeroporto para voar para Miami. N\u00e3o podia perder uma visita ao <a href=\"http:\/\/www.nga.gov\/content\/ngaweb.html\">Galeria Nacional de Arte<\/a>. Era apenas uma quest\u00e3o de atravessar a rua, para a <a href=\"http:\/\/en.wikipedia.org\/wiki\/Constitution_Avenue\">Avenida de la Constituci\u00f3n<\/a>. Imposs\u00edvel n\u00e3o ceder a esta tenta\u00e7\u00e3o!<\/p>\n<p>\u00c9 um dos museus mais bonitos, tanto em termos de arquitetura como de conte\u00fado, que j\u00e1 tive oportunidade de visitar.  E o que mais me impressiona neste museu \u00e9 o facto de ter sido constru\u00eddo em grande parte com doa\u00e7\u00f5es feitas por cidad\u00e3os americanos ao longo dos \u00faltimos 120 anos. De facto, o edif\u00edcio do museu, que \u00e9 inteiramente feito de <a href=\"http:\/\/en.wikipedia.org\/wiki\/Tennessee_marble\">Pedra rosa do Tennessee<\/a> e muito bem concebido pelo seu classicismo e simplicidade e uma parte muito importante da sua cole\u00e7\u00e3o de arranque foi doada por <a href=\"http:\/\/en.wikipedia.org\/wiki\/Andrew_W._Mellon\">Andrew W. Mellon<\/a>, <a href=\"http:\/\/en.wikipedia.org\/wiki\/Paul_Mellon\">Paul Mellon<\/a> y <a href=\"http:\/\/en.wikipedia.org\/wiki\/Ailsa_Mellon_Bruce\">Alisa Mellon<\/a>. N\u00e3o se baseou em colec\u00e7\u00f5es reais ou imperiais constitu\u00eddas ao longo de centenas de anos, como \u00e9 o caso do Museu Nacional do Prado em Espanha, do Museu do Louvre, da National Gallery em Londres ou de muitos outros museus, sobretudo na Europa. H\u00e1 uma sala que \u00e9 curiosa: junto \u00e0 entrada do Museu h\u00e1 uma sala que poderia ser a casa de qualquer um dos muitos doadores do Museu. Um lugar onde \u00e9 agrad\u00e1vel sentar-se e descansar um pouco, enquanto rev\u00ea na sua cabe\u00e7a o que est\u00e1 a ver com os seus olhos...<\/p>\n<p><!--more--><\/p>\n<p><a href=\"http:\/\/josemariacastillejo.com\/wp-content\/uploads\/2013\/05\/IMG_2012.jpg\"><img fetchpriority=\"high\" decoding=\"async\" class=\"size-medium wp-image-1207 alignleft\" alt=\"IMG_2012\" src=\"http:\/\/josemariacastillejo.com\/wp-content\/uploads\/2013\/05\/IMG_2012-225x300.jpg\" width=\"225\" height=\"300\" srcset=\"https:\/\/josemariacastillejo.com\/wp-content\/uploads\/2013\/05\/IMG_2012-225x300.jpg 225w, https:\/\/josemariacastillejo.com\/wp-content\/uploads\/2013\/05\/IMG_2012-768x1024.jpg 768w\" sizes=\"(max-width: 225px) 100vw, 225px\" \/><\/a><\/p>\n<p>O lugar e o seu conte\u00fado s\u00e3o, naturalmente, uma reflex\u00e3o sobre o esp\u00edrito patri\u00f3tico dos americanos, que est\u00e3o muito conscientes do contributo que o trabalho num pa\u00eds como os Estados Unidos da Am\u00e9rica deu \u00e0s suas vidas. \u00c9 tamb\u00e9m uma reflex\u00e3o sobre a forma como se constr\u00f3i e se entende o Direito e o cidad\u00e3o, em ambas as partes do mundo. Sobretudo nestes tempos conturbados em que parece que os governos europeus n\u00e3o est\u00e3o propriamente a acertar na forma como est\u00e3o a gerir a crise colossal que atravessamos.<\/p>\n<p>O Museu tem dois edif\u00edcios: a Ala Este e a Ala Oeste. S\u00f3 tive tempo para visitar a Ala Oeste. Projectada em 1937 por <a href=\"http:\/\/en.wikipedia.org\/wiki\/John_Russell_Pope\">John Russell Pope<\/a> com base num estilo <a href=\"http:\/\/en.wikipedia.org\/wiki\/Neoclassical_architecture\">neocl\u00e1ssico<\/a>Todo o edif\u00edcio em forma de H gira em torno de uma rotunda central.<\/p>\n<p><a href=\"http:\/\/josemariacastillejo.com\/wp-content\/uploads\/2013\/04\/IMG_2011.jpg\"><img decoding=\"async\" class=\"size-medium wp-image-1198 alignright\" alt=\"IMG_2011\" src=\"http:\/\/josemariacastillejo.com\/wp-content\/uploads\/2013\/04\/IMG_2011-225x300.jpg\" width=\"225\" height=\"300\" srcset=\"https:\/\/josemariacastillejo.com\/wp-content\/uploads\/2013\/04\/IMG_2011-225x300.jpg 225w, https:\/\/josemariacastillejo.com\/wp-content\/uploads\/2013\/04\/IMG_2011-768x1024.jpg 768w\" sizes=\"(max-width: 225px) 100vw, 225px\" \/><\/a><\/p>\n<p>Embora possa parecer um exagero, tudo neste museu \u00e9 realmente bonito. A rotunda central - na foto - que faz lembrar e se inspira claramente no <a href=\"http:\/\/en.wikipedia.org\/wiki\/Pantheon,_Rome\">Pante\u00e3o<\/a> Os corredores, os p\u00e1tios com as suas fontes e flores, cada uma das salas, os tectos, a ilumina\u00e7\u00e3o e..... Impressionante se come\u00e7armos a falar das obras de arte penduradas nas paredes ou das esculturas e pe\u00e7as que podem ser vistas \u00e0 medida que a visita progride.<\/p>\n<p>O Museu possui entre os seus tesouros a \u00fanica obra pict\u00f3rica original de <a href=\"http:\/\/en.wikipedia.org\/wiki\/Leonardo_da_Vinci\">Leonardo da Vinci<\/a> que existe na Am\u00e9rica, obras do per\u00edodo medieval, esculturas renascentistas realmente belas, obras de <a href=\"http:\/\/en.wikipedia.org\/wiki\/Jan_Vermeer\">Vermeer<\/a>, <a href=\"http:\/\/en.wikipedia.org\/wiki\/Rembrandt_van_Rijn\">Rembrandt<\/a>, <a href=\"http:\/\/en.wikipedia.org\/wiki\/Vincent_van_Gogh\">van Gogh<\/a> e... entre muitos outros tamb\u00e9m, <a href=\"http:\/\/es.wikipedia.org\/wiki\/Francisco_de_Goya\">Francisco de Goya<\/a>.<\/p>\n<p>H\u00e1 muitas obras que nos podem chamar a aten\u00e7\u00e3o ao percorrermos os corredores. Mas para mim, o retrato de Goya de Do\u00f1a Mariana Pontejos y Sandoval, Marquesa de Casa Pontejos, minha sexta av\u00f3, \u00e9 muito significativo.  Uma mulher de car\u00e1cter e muito especial. Foi casada tr\u00eas vezes. A primeira foi com o meu sexto av\u00f4, irm\u00e3o de Don Jos\u00e9 Mo\u00f1ino y Redondo, o primeiro <a href=\"http:\/\/es.wikipedia.org\/wiki\/Conde_de_Floridablanca\">Conde de Floridablanca<\/a>.<\/p>\n<p><a href=\"http:\/\/josemariacastillejo.com\/wp-content\/uploads\/2013\/04\/IMG_2004.jpg\"><img decoding=\"async\" class=\"size-medium wp-image-1199 alignleft\" alt=\"IMG_2004\" src=\"http:\/\/josemariacastillejo.com\/wp-content\/uploads\/2013\/04\/IMG_2004-225x300.jpg\" width=\"225\" height=\"300\" srcset=\"https:\/\/josemariacastillejo.com\/wp-content\/uploads\/2013\/04\/IMG_2004-225x300.jpg 225w, https:\/\/josemariacastillejo.com\/wp-content\/uploads\/2013\/04\/IMG_2004-768x1024.jpg 768w\" sizes=\"(max-width: 225px) 100vw, 225px\" \/><\/a><\/p>\n<p>A fotografia n\u00e3o foi tirada de muito perto, mas \u00e9 de prop\u00f3sito. O <a href=\"http:\/\/www.wikipaintings.org\/es\/francisco-goya\/the-marquesa-de-pontejos\">pormenor da pintura<\/a> pode ser facilmente encontrada na Internet, mas com esta fotografia tamb\u00e9m se pode perceber onde \u00e9 que o quadro est\u00e1 colocado no Museu. A fotografia \u00e9 tirada a partir do corredor central e do local onde estou a tirar a fotografia, \u00e0 direita, a n\u00e3o mais de dez metros de dist\u00e2ncia, est\u00e1 a rotunda central. Trata-se de um dos quadros doados por Andrew W. Mellon \u00e0 National Gallery.<\/p>\n<p>Outra obra que me chamou muito a aten\u00e7\u00e3o foi a bailarina de <a href=\"http:\/\/en.wikipedia.org\/wiki\/Edgar_Degas\">Edgar Degas<\/a>. Um dos grandes nomes do impressionismo. Vale bem a pena uma visita. E n\u00e3o tive tempo para visitar a Ala Este!!!!<\/p>\n<p><a href=\"http:\/\/josemariacastillejo.com\/wp-content\/uploads\/2013\/04\/IMG_1993.jpg\"><img loading=\"lazy\" decoding=\"async\" class=\"aligncenter size-medium wp-image-1197\" alt=\"IMG_1993\" src=\"http:\/\/josemariacastillejo.com\/wp-content\/uploads\/2013\/04\/IMG_1993-225x300.jpg\" width=\"225\" height=\"300\" srcset=\"https:\/\/josemariacastillejo.com\/wp-content\/uploads\/2013\/04\/IMG_1993-225x300.jpg 225w, https:\/\/josemariacastillejo.com\/wp-content\/uploads\/2013\/04\/IMG_1993-768x1024.jpg 768w\" sizes=\"(max-width: 225px) 100vw, 225px\" \/><\/a><\/p>\n<p>&nbsp;<\/p>","protected":false},"excerpt":{"rendered":"<p>Como mencionei no post anterior, t\u00ednhamos apresentado o projeto LAMP, juntamente com a HITN, nos Knight Studios no Newsmuseum na Pennsylvania Avenue e eu fiquei por l\u00e1 durante algum tempo at\u00e9 ter de partir para o aeroporto para voar para Miami. N\u00e3o podia perder uma visita \u00e0 National Gallery of Art. Era apenas [...]<\/p>","protected":false},"author":1,"featured_media":1207,"comment_status":"open","ping_status":"open","sticky":false,"template":"","format":"standard","meta":{"footnotes":""},"categories":[7],"tags":[535,533,532,536,540,371,538,537,511,543,534,528,539,541,542,544,530],"class_list":["post-1206","post","type-post","status-publish","format-standard","has-post-thumbnail","hentry","category-living","tag-andrew-mellon","tag-capitol-hill","tag-capitolio","tag-degas","tag-escultura","tag-floridablanca","tag-francisco-de-goya","tag-goya","tag-hitn","tag-marquesa-de-casa-pontejos","tag-mellon","tag-national-gallery","tag-national-gallery-of-art","tag-neoclasico","tag-pontejos","tag-rembrandt","tag-washington"],"_links":{"self":[{"href":"https:\/\/josemariacastillejo.com\/pt\/wp-json\/wp\/v2\/posts\/1206","targetHints":{"allow":["GET"]}}],"collection":[{"href":"https:\/\/josemariacastillejo.com\/pt\/wp-json\/wp\/v2\/posts"}],"about":[{"href":"https:\/\/josemariacastillejo.com\/pt\/wp-json\/wp\/v2\/types\/post"}],"author":[{"embeddable":true,"href":"https:\/\/josemariacastillejo.com\/pt\/wp-json\/wp\/v2\/users\/1"}],"replies":[{"embeddable":true,"href":"https:\/\/josemariacastillejo.com\/pt\/wp-json\/wp\/v2\/comments?post=1206"}],"version-history":[{"count":9,"href":"https:\/\/josemariacastillejo.com\/pt\/wp-json\/wp\/v2\/posts\/1206\/revisions"}],"predecessor-version":[{"id":1269,"href":"https:\/\/josemariacastillejo.com\/pt\/wp-json\/wp\/v2\/posts\/1206\/revisions\/1269"}],"wp:featuredmedia":[{"embeddable":true,"href":"https:\/\/josemariacastillejo.com\/pt\/wp-json\/wp\/v2\/media\/1207"}],"wp:attachment":[{"href":"https:\/\/josemariacastillejo.com\/pt\/wp-json\/wp\/v2\/media?parent=1206"}],"wp:term":[{"taxonomy":"category","embeddable":true,"href":"https:\/\/josemariacastillejo.com\/pt\/wp-json\/wp\/v2\/categories?post=1206"},{"taxonomy":"post_tag","embeddable":true,"href":"https:\/\/josemariacastillejo.com\/pt\/wp-json\/wp\/v2\/tags?post=1206"}],"curies":[{"name":"wp","href":"https:\/\/api.w.org\/{rel}","templated":true}]}}