{"id":273,"date":"2011-05-09T09:43:29","date_gmt":"2011-05-09T09:43:29","guid":{"rendered":"http:\/\/josemariacastillejo.com\/?p=273"},"modified":"2011-05-10T18:54:45","modified_gmt":"2011-05-10T18:54:45","slug":"educacion-en-valores-i","status":"publish","type":"post","link":"https:\/\/josemariacastillejo.com\/pt\/blog\/2011\/05\/09\/educacion-en-valores-i\/","title":{"rendered":"Educa\u00e7\u00e3o em Valores (I)"},"content":{"rendered":"<p style=\"text-align: justify;\">Estamos atravesando, desde mi punto de vista, una importante crisis en nuestro <a href=\"http:\/\/portal.uned.es\/portal\/page?_pageid=93,8050571,93_20528200&amp;_dad=portal&amp;_schema=PORTAL&amp;idAsignatura=23302102\">sistema educativo<\/a>. Y cuando me refiero a crisis lo hago en el sentido m\u00e1s etimol\u00f3gico de la palabra: <a href=\"http:\/\/es.wikipedia.org\/wiki\/Crisis\">crisis<\/a> es una palabra que viene del griego y que significaba \u201cromper\u201d o \u201cdecidir\u201d.<!--more-->Lo que quiero decir, por tanto al hablar de crisis en el sistema educativo, es que desde mi punto de vista, deber\u00edamos estar atravesando un per\u00edodo de cambio, de ruptura por tanto, y si no fuera as\u00ed, al menos espero que lo sea de reflexi\u00f3n y por tanto de decisiones a tomar.<\/p>\n<p style=\"text-align: justify;\">Si nos paramos a pensar, heredamos de nuestros abuelos un <strong>sistema educativo <\/strong>que a ellos les fue enormemente \u00fatil, pero que me da la sensaci\u00f3n de que a nosotros no nos es ya tan \u00fatil y parece que lo ser\u00e1 todav\u00eda menos a nuestros hijos y nietos.<\/p>\n<p style=\"text-align: justify;\">Cuando las universidades nacieron formalmente hace 10 siglos, tanto en<a href=\"http:\/\/www.unibo.it\/Portale\/default.htm\"> Bolonia <\/a>como en Par\u00eds, y un par de siglos m\u00e1s tarde en <a href=\"http:\/\/www.usal.es\/webusal\/\">Salamanca<\/a>,<a href=\"http:\/\/www.ox.ac.uk\/\"> Oxford <\/a>y <a href=\"http:\/\/www.cam.ac.uk\/\">Cambridge<\/a>, lo hicieron en primer lugar con el objetivo de formar profesionales en el \u00e1mbito de las leyes y lo que se llamaban las artes liberales en el<a href=\"http:\/\/es.wikipedia.org\/wiki\/Renacimiento\"> Renacimiento<\/a>: <strong>primero la medicina y la filosof\u00eda <\/strong>y m\u00e1s tarde tambi\u00e9n<strong> \u201clas artes<\/strong>\u201d. Eran los profesionales m\u00e1s demandados y tambi\u00e9n m\u00e1s respetados. Incluso a aquellos estudiantes que durante sus estudios ten\u00edan que viajar, se les dotaba de salvoconductos especiales, que les abr\u00edan las puertas hasta en los lugares m\u00e1s dif\u00edciles e insospechados.<\/p>\n<p style=\"text-align: justify;\"><a href=\"http:\/\/josemariacastillejo.com\/wp-content\/uploads\/2011\/05\/Oxford.jpg\"><img fetchpriority=\"high\" decoding=\"async\" class=\"aligncenter size-medium wp-image-275\" title=\"Oxford\" src=\"http:\/\/josemariacastillejo.com\/wp-content\/uploads\/2011\/05\/Oxford-300x225.jpg\" alt=\"\" width=\"300\" height=\"225\" srcset=\"https:\/\/josemariacastillejo.com\/wp-content\/uploads\/2011\/05\/Oxford-300x225.jpg 300w, https:\/\/josemariacastillejo.com\/wp-content\/uploads\/2011\/05\/Oxford.jpg 500w\" sizes=\"(max-width: 300px) 100vw, 300px\" \/><\/a><\/p>\n<p style=\"text-align: justify;\">Y tendr\u00eda m\u00e1s de una an\u00e9cdota que contar al respecto. Siglos despu\u00e9s, en el XVII, \u00a0se incorporaron a ese mismo sistema las carreras t\u00e9cnicas, que acompa\u00f1aban el <a href=\"http:\/\/es.wikipedia.org\/wiki\/Revoluci%C3%B3n_Industrial\">desarrollo industrial <\/a>que la sociedad iba adquiriendo. Las universidades se convert\u00edan en el lugar donde pescar aquellos profesionales que acompa\u00f1ar\u00edan el crecimiento organizativo de la sociedad en todos los \u00e1mbitos. Terminar una carrera universitaria era sin\u00f3nimo de carrera profesional y si adem\u00e1s lo hac\u00edas con buenas calificaciones, era casi sin\u00f3nimo de alcanzar los mejores puestos de trabajo, que despu\u00e9s permitir\u00edan una carrera profesional exitosa y una jubilaci\u00f3n tranquila y sosegada.<\/p>\n<p style=\"text-align: justify;\">As\u00ed ha sido durante casi 10 siglos, como comentaba, pero parece que hoy esto ya no es m\u00e1s as\u00ed.<\/p>\n<p style=\"text-align: justify;\">\u00bfCu\u00e1ntos estudiantes de universidad encontrar\u00e1n al final de su carrera un trabajo respetado y digno, relacionado con aquello que estudiaron?<\/p>\n<p style=\"text-align: justify;\">La carrera universitaria, de ser un elemento claro de diferenciaci\u00f3n, si lo vemos con ojos de consumidor, ha pasado a serlo de clara homogeneizaci\u00f3n. En los pr\u00f3ximos 30 a\u00f1os estudiar\u00e1n en universidades m\u00e1s alumnos de los que lo han hecho hasta ahora en toda la <strong>historia de la humanidad<\/strong>. Y de ellos, probablemente<strong> m\u00e1s del 50% jam\u00e1s encontrar\u00e1n un trabajo en el mismo \u00e1mbito en el que se formaron en la universidad.<\/strong><\/p>\n<p style=\"text-align: justify;\">\u00bfNo es esto motivo suficiente como para plantearse un cambio o al menos una reflexi\u00f3n?<\/p>","protected":false},"excerpt":{"rendered":"<p>Estamos a atravessar, do meu ponto de vista, uma crise importante no nosso sistema educativo. E quando me refiro a crise, estou a falar no sentido mais etimol\u00f3gico da palavra: crise \u00e9 uma palavra que vem do grego e significa \"quebrar\" ou \"decidir\".<\/p>","protected":false},"author":1,"featured_media":0,"comment_status":"open","ping_status":"open","sticky":false,"template":"","format":"standard","meta":{"footnotes":""},"categories":[5],"tags":[54,51,48,49,50,53,47,56,55,52,46,45],"class_list":["post-273","post","type-post","status-publish","format-standard","hentry","category-pocoyo","tag-alumnos","tag-carrera","tag-desarrollo","tag-estudiantes","tag-jubilacion","tag-paris","tag-profesionales","tag-salamanca","tag-sistema","tag-sociedad","tag-trabajo","tag-universidad"],"_links":{"self":[{"href":"https:\/\/josemariacastillejo.com\/pt\/wp-json\/wp\/v2\/posts\/273","targetHints":{"allow":["GET"]}}],"collection":[{"href":"https:\/\/josemariacastillejo.com\/pt\/wp-json\/wp\/v2\/posts"}],"about":[{"href":"https:\/\/josemariacastillejo.com\/pt\/wp-json\/wp\/v2\/types\/post"}],"author":[{"embeddable":true,"href":"https:\/\/josemariacastillejo.com\/pt\/wp-json\/wp\/v2\/users\/1"}],"replies":[{"embeddable":true,"href":"https:\/\/josemariacastillejo.com\/pt\/wp-json\/wp\/v2\/comments?post=273"}],"version-history":[{"count":5,"href":"https:\/\/josemariacastillejo.com\/pt\/wp-json\/wp\/v2\/posts\/273\/revisions"}],"predecessor-version":[{"id":287,"href":"https:\/\/josemariacastillejo.com\/pt\/wp-json\/wp\/v2\/posts\/273\/revisions\/287"}],"wp:attachment":[{"href":"https:\/\/josemariacastillejo.com\/pt\/wp-json\/wp\/v2\/media?parent=273"}],"wp:term":[{"taxonomy":"category","embeddable":true,"href":"https:\/\/josemariacastillejo.com\/pt\/wp-json\/wp\/v2\/categories?post=273"},{"taxonomy":"post_tag","embeddable":true,"href":"https:\/\/josemariacastillejo.com\/pt\/wp-json\/wp\/v2\/tags?post=273"}],"curies":[{"name":"wp","href":"https:\/\/api.w.org\/{rel}","templated":true}]}}