{"id":391,"date":"2011-05-27T11:22:12","date_gmt":"2011-05-27T11:22:12","guid":{"rendered":"http:\/\/josemariacastillejo.com\/?p=391"},"modified":"2013-06-09T11:43:14","modified_gmt":"2013-06-09T11:43:14","slug":"acuerdo-entre-zinkia-y-unicef","status":"publish","type":"post","link":"https:\/\/josemariacastillejo.com\/pt\/blog\/2011\/05\/27\/acuerdo-entre-zinkia-y-unicef\/","title":{"rendered":"Acordo entre a Zinkia e a UNICEF"},"content":{"rendered":"<p style=\"text-align: justify;\">Todos n\u00f3s temos uma responsabilidade como <strong>pessoas e cidad\u00e3os <\/strong>com esses <strong>colectivos<\/strong> mais desfavorecidos ou em risco. A mesma abordagem deve ser transferida para os <strong>empresas<\/strong> e acredito que \u00e9 da responsabilidade das empresas retribuir \u00e0 sociedade <strong>empresa<\/strong> uma parte do que recebem do mesmo. <!--more--><\/p>\n<p style=\"text-align: justify;\">Sem d\u00favida, atrav\u00e9s dos impostos que pagamos e que s\u00e3o posteriormente geridos pelo <strong>Estado<\/strong>mas tamb\u00e9m de uma forma direta, com um apoio que n\u00e3o \u00e9 apenas financeiro. O objetivo \u00e9 tentar real\u00e7ar os aspectos das empresas comerciais que podem ajudar os mais necessitados. Por esta raz\u00e3o, a partir de<a href=\"http:\/\/www.zinkia.com\" target=\"_blank\"> Zinkia <\/a>Colaboramos com v\u00e1rias organiza\u00e7\u00f5es sem fins lucrativos, oferecendo-lhes o nosso apoio pessoal, por um lado, e como marca, atrav\u00e9s de <a href=\"http:\/\/www.pocoyo.com\" target=\"_blank\">Pocoyo<\/a>O objetivo \u00e9 tirar o m\u00e1ximo partido do seu potencial.<\/p>\n<p style=\"text-align: justify;\"><a href=\"http:\/\/josemariacastillejo.com\/wp-content\/uploads\/2011\/05\/unicef.jpg\"><img fetchpriority=\"high\" decoding=\"async\" class=\"aligncenter size-medium wp-image-392\" title=\"unicef\" alt=\"\" src=\"http:\/\/josemariacastillejo.com\/wp-content\/uploads\/2011\/05\/unicef-300x258.jpg\" width=\"300\" height=\"258\" srcset=\"https:\/\/josemariacastillejo.com\/wp-content\/uploads\/2011\/05\/unicef-300x258.jpg 300w, https:\/\/josemariacastillejo.com\/wp-content\/uploads\/2011\/05\/unicef.jpg 450w\" sizes=\"(max-width: 300px) 100vw, 300px\" \/><\/a><\/p>\n<p style=\"text-align: justify;\">Na quarta-feira, 11 de maio, a Zinkia assinou um novo <em><strong>Acordo-quadro de parceria <\/strong><\/em>com<a href=\"http:\/\/www.unicef.es\/\" target=\"_blank\"> UNICEF Espanha<\/a>e tornou-se colaborador desta institui\u00e7\u00e3o. O objetivo do acordo \u00e9 estabelecer as bases de uma alian\u00e7a entre ambas as entidades para divulgar o trabalho da primeira e colaborar com recursos econ\u00f3micos, humanos, de comunica\u00e7\u00e3o e t\u00e9cnicos para as actividades da UNICEF.<\/p>\n<p style=\"text-align: justify;\">Do meu ponto de vista, os valores representados pelo Pocoyo enquadram-se perfeitamente nos objectivos promovidos pela UNICEF, baseados no respeito pela<strong> direitos da crian\u00e7a <\/strong>e a prote\u00e7\u00e3o das crian\u00e7as em geral. Nos pr\u00f3ximos dois anos, trabalharemos em conjunto para implementar ac\u00e7\u00f5es que, atrav\u00e9s da divers\u00e3o, incutam h\u00e1bitos e compromissos com os objectivos da UNICEF.<\/p>\n<p style=\"text-align: justify;\">\u00a0Manter-vos-ei informados de mais not\u00edcias sobre este assunto <strong>projeto<\/strong> \u00e0 medida que v\u00e3o ocorrendo.<\/p>","protected":false},"excerpt":{"rendered":"<p>Todos n\u00f3s temos uma responsabilidade enquanto pessoas e cidad\u00e3os para com os grupos mais desfavorecidos ou em risco. Esta mesma abordagem deve ser transferida para as empresas e penso que \u00e9 da responsabilidade das empresas devolver \u00e0 sociedade uma parte daquilo que dela recebem.<\/p>","protected":false},"author":1,"featured_media":392,"comment_status":"open","ping_status":"open","sticky":false,"template":"","format":"standard","meta":{"footnotes":""},"categories":[4],"tags":[58,97,102,98,101,31,100,99,104,103,96,16,52,12],"class_list":["post-391","post","type-post","status-publish","format-standard","has-post-thumbnail","hentry","category-zinkia","tag-acuerdo","tag-ciudadanos","tag-colaboracion","tag-colectivos","tag-convenio","tag-empresas","tag-estado","tag-gestion","tag-infancia","tag-nino","tag-personas","tag-pocoyo-2","tag-sociedad","tag-zinkia-2"],"_links":{"self":[{"href":"https:\/\/josemariacastillejo.com\/pt\/wp-json\/wp\/v2\/posts\/391","targetHints":{"allow":["GET"]}}],"collection":[{"href":"https:\/\/josemariacastillejo.com\/pt\/wp-json\/wp\/v2\/posts"}],"about":[{"href":"https:\/\/josemariacastillejo.com\/pt\/wp-json\/wp\/v2\/types\/post"}],"author":[{"embeddable":true,"href":"https:\/\/josemariacastillejo.com\/pt\/wp-json\/wp\/v2\/users\/1"}],"replies":[{"embeddable":true,"href":"https:\/\/josemariacastillejo.com\/pt\/wp-json\/wp\/v2\/comments?post=391"}],"version-history":[{"count":5,"href":"https:\/\/josemariacastillejo.com\/pt\/wp-json\/wp\/v2\/posts\/391\/revisions"}],"predecessor-version":[{"id":1644,"href":"https:\/\/josemariacastillejo.com\/pt\/wp-json\/wp\/v2\/posts\/391\/revisions\/1644"}],"wp:featuredmedia":[{"embeddable":true,"href":"https:\/\/josemariacastillejo.com\/pt\/wp-json\/wp\/v2\/media\/392"}],"wp:attachment":[{"href":"https:\/\/josemariacastillejo.com\/pt\/wp-json\/wp\/v2\/media?parent=391"}],"wp:term":[{"taxonomy":"category","embeddable":true,"href":"https:\/\/josemariacastillejo.com\/pt\/wp-json\/wp\/v2\/categories?post=391"},{"taxonomy":"post_tag","embeddable":true,"href":"https:\/\/josemariacastillejo.com\/pt\/wp-json\/wp\/v2\/tags?post=391"}],"curies":[{"name":"wp","href":"https:\/\/api.w.org\/{rel}","templated":true}]}}