{"id":642,"date":"2011-08-24T11:14:54","date_gmt":"2011-08-24T11:14:54","guid":{"rendered":"http:\/\/josemariacastillejo.com\/?p=642"},"modified":"2013-06-10T10:36:49","modified_gmt":"2013-06-10T10:36:49","slug":"cristobal-colon-mallorquin","status":"publish","type":"post","link":"https:\/\/josemariacastillejo.com\/pt\/blog\/2011\/08\/24\/cristobal-colon-mallorquin\/","title":{"rendered":"Crist\u00f3v\u00e3o Colombo, maiorquino ou italiano?"},"content":{"rendered":"<p>Estou em Maiorca e tenho \u00e0 vista o <strong><a href=\"http:\/\/es.wikipedia.org\/wiki\/Castillo_de_Santueri\" target=\"_blank\">Castelo de Santueri<\/a><\/strong>em <strong>Felanitx.<\/strong><\/p>\n<figure id=\"attachment_1705\" aria-describedby=\"caption-attachment-1705\" style=\"width: 1600px\" class=\"wp-caption aligncenter\"><a href=\"http:\/\/josemariacastillejo.com\/wp-content\/uploads\/2011\/08\/Santueri-vistas-cercanas.jpg\"><img fetchpriority=\"high\" decoding=\"async\" class=\"size-full wp-image-1705\" alt=\"Castillo de Santueri\" src=\"http:\/\/josemariacastillejo.com\/wp-content\/uploads\/2011\/08\/Santueri-vistas-cercanas.jpg\" width=\"1600\" height=\"1200\" srcset=\"https:\/\/josemariacastillejo.com\/wp-content\/uploads\/2011\/08\/Santueri-vistas-cercanas.jpg 1600w, https:\/\/josemariacastillejo.com\/wp-content\/uploads\/2011\/08\/Santueri-vistas-cercanas-300x225.jpg 300w, https:\/\/josemariacastillejo.com\/wp-content\/uploads\/2011\/08\/Santueri-vistas-cercanas-1024x768.jpg 1024w, https:\/\/josemariacastillejo.com\/wp-content\/uploads\/2011\/08\/Santueri-vistas-cercanas-65x50.jpg 65w\" sizes=\"(max-width: 1600px) 100vw, 1600px\" \/><\/a><figcaption id=\"caption-attachment-1705\" class=\"wp-caption-text\">Castelo de Santueri<\/figcaption><\/figure>\n<p><a href=\"http:\/\/josemariacastillejo.com\/wp-content\/uploads\/2011\/08\/Santueri-dibujo.jpg\"><img decoding=\"async\" class=\"aligncenter size-full wp-image-1706\" alt=\"Santueri dibujo\" src=\"http:\/\/josemariacastillejo.com\/wp-content\/uploads\/2011\/08\/Santueri-dibujo.jpg\" width=\"394\" height=\"300\" srcset=\"https:\/\/josemariacastillejo.com\/wp-content\/uploads\/2011\/08\/Santueri-dibujo.jpg 394w, https:\/\/josemariacastillejo.com\/wp-content\/uploads\/2011\/08\/Santueri-dibujo-300x228.jpg 300w, https:\/\/josemariacastillejo.com\/wp-content\/uploads\/2011\/08\/Santueri-dibujo-65x50.jpg 65w\" sizes=\"(max-width: 394px) 100vw, 394px\" \/><\/a> <a href=\"http:\/\/josemariacastillejo.com\/wp-content\/uploads\/2011\/08\/Santueri-desde-abajo.jpg\"><img decoding=\"async\" class=\"aligncenter size-full wp-image-1707\" alt=\"Santueri desde abajo\" src=\"http:\/\/josemariacastillejo.com\/wp-content\/uploads\/2011\/08\/Santueri-desde-abajo.jpg\" width=\"320\" height=\"214\" srcset=\"https:\/\/josemariacastillejo.com\/wp-content\/uploads\/2011\/08\/Santueri-desde-abajo.jpg 320w, https:\/\/josemariacastillejo.com\/wp-content\/uploads\/2011\/08\/Santueri-desde-abajo-300x200.jpg 300w\" sizes=\"(max-width: 320px) 100vw, 320px\" \/><\/a><\/p>\n<p>Neste castelo, constru\u00eddo sobre uma importante eleva\u00e7\u00e3o montanhosa e do qual se avista quase toda a costa norte e leste da ilha de Maiorca, Menorca e Cabrera, uma torre de vigia defensiva inexpugn\u00e1vel, \u00e9 onde se sup\u00f5e que se desenrolaram os factos narrados neste livro.\u00a0<a href=\"http:\/\/www.diariodemallorca.es\/part-forana\/2011\/07\/03\/colon-podia-desvelar-origen-hijo-ilegitimo-sucesor-corona\/683526.html\" target=\"_blank\">Gabriel Verd Martorell<\/a>\u00a0 no seu livro <a href=\"http:\/\/www.amazon.com\/Gabriel-Verd-Martorell\/e\/B001K17V2S\" target=\"_blank\">\"CHRISTOPHER COLUMBUS e a revela\u00e7\u00e3o do enigma<\/a>\".<\/p>\n<p>Se o que Gabriel Verd diz fosse verdade, o que parece muito prov\u00e1vel, \u00e9 poss\u00edvel pensar de forma s\u00e9ria e rigorosa que \u00e9 mesmo verdade. <strong>Crist\u00f3v\u00e3o Colombo nasceu em Maiorca, n\u00e3o em G\u00e9nova<\/strong>como afirmam a maioria dos historiadores, e era, portanto, maiorquino.<\/p>\n<p>Voltamos, mais ou menos, ao mesmo per\u00edodo que analisei recentemente no <a title=\"Leonardo da Vince, A \u00daltima Ceia e Ludovico Sforza\" href=\"http:\/\/josemariacastillejo.com\/leonardo-da-vinci-la-ultima-cena-y-ludovico-sforza-i\/\" target=\"_blank\">post sobre Ludovico, o Mouro<\/a> de Mil\u00e3o e o fresco A \u00daltima Ceia de Leonardo da Vinci.<!--more--><\/p>\n<p><a href=\"http:\/\/es.wikipedia.org\/wiki\/Juan_II_de_Arag%C3%B3n\">Jo\u00e3o II de Arag\u00e3o<\/a>nascido em Medina del Campo a 29 de junho de 1398, era filho de\u00a0<a href=\"http:\/\/es.wikipedia.org\/wiki\/Fernando_I_de_Arag%C3%B3n\">Fernando I de Arag\u00e3o<\/a>. Era tamb\u00e9m irm\u00e3o de <a href=\"http:\/\/es.wikipedia.org\/wiki\/Alfonso_V_de_Arag%C3%B3n\">Afonso V, o Magn\u00e2nimo<\/a>. Afonso, casado com Maria de Castela, n\u00e3o teve descend\u00eancia leg\u00edtima e, por isso, Juan, seu irm\u00e3o, sucedeu-lhe no trono de Arag\u00e3o. Jo\u00e3o II de Arag\u00e3o era tamb\u00e9m cunhado de Jo\u00e3o II de Castela, atrav\u00e9s do casamento deste \u00faltimo com a irm\u00e3 de Jo\u00e3o, Maria de Arag\u00e3o.<\/p>\n<p><a href=\"http:\/\/josemariacastillejo.com\/wp-content\/uploads\/2011\/08\/Genealogia-de-los-reyes-de-Espana-de-1398-a-1598.jpg\"><img loading=\"lazy\" decoding=\"async\" class=\"aligncenter size-full wp-image-1426\" alt=\"Genealogia-de-los-reyes-de-Espana-de-1398-a-1598\" src=\"http:\/\/josemariacastillejo.com\/wp-content\/uploads\/2011\/08\/Genealogia-de-los-reyes-de-Espana-de-1398-a-1598.jpg\" width=\"599\" height=\"392\" srcset=\"https:\/\/josemariacastillejo.com\/wp-content\/uploads\/2011\/08\/Genealogia-de-los-reyes-de-Espana-de-1398-a-1598.jpg 599w, https:\/\/josemariacastillejo.com\/wp-content\/uploads\/2011\/08\/Genealogia-de-los-reyes-de-Espana-de-1398-a-1598-300x196.jpg 300w\" sizes=\"(max-width: 599px) 100vw, 599px\" \/><\/a><\/p>\n<p>Em 18 de junho de 1420, Jo\u00e3o II de Arag\u00e3o casou-se em Pamplona com <a href=\"http:\/\/es.wikipedia.org\/wiki\/Blanca_I_de_Navarra\">Dona Blanca de Navarra<\/a>. Era o segundo casamento de Dona Blanca e um casamento de Estado: se ela tivesse filhos, os reinos de Arag\u00e3o e Navarra seriam unificados. Do\u00f1a Blanca era a filha mais velha de <a href=\"http:\/\/es.wikipedia.org\/wiki\/Carlos_III_de_Navarra\" target=\"_blank\">Dom Carlos III de Navarra<\/a>conhecido como o Nobre e <a href=\"http:\/\/es.wikipedia.org\/wiki\/Leonor_de_Trast%C3%A1mara\" target=\"_blank\">Dona Leonor de Castela<\/a>. Sobreviveram-lhe dois irm\u00e3os, Carlos e Lu\u00eds, que morreram em crian\u00e7a.<\/p>\n<p>Do seu casamento, menos de um ano depois do casamento, nasceu em Pe\u00f1afiel, a 29 de maio de 1421, <a href=\"http:\/\/es.wikipedia.org\/wiki\/Carlos_de_Viana\" target=\"_blank\">Don Carlos de Trast\u00e1mara<\/a>neto de Dom Carlos III de Navarra e tamb\u00e9m conhecido como Carlos IV de Navarra ou, mais comummente, como o <strong>Pr\u00edncipe de Viana. <\/strong>Foi o primeiro a ostentar este t\u00edtulo e a quem D. Carlos III o instituiu como herdeiro da coroa de Navarra. Um facto curioso: os seus padrinhos de batismo foram o seu tio Juan II, rei de Castela, e o seu tio, Juan II, rei de Navarra. <a href=\"http:\/\/en.wikipedia.org\/wiki\/%C3%81lvaro_de_Luna,_Duke_of_Trujillo\" target=\"_blank\">Dom \u00c1lvaro de Luna<\/a>o valido de Juan II de Castela. Ambos se tornariam grandes inimigos do seu pai pouco depois do seu batismo.<\/p>\n<figure id=\"attachment_1429\" aria-describedby=\"caption-attachment-1429\" style=\"width: 220px\" class=\"wp-caption aligncenter\"><a href=\"http:\/\/josemariacastillejo.com\/wp-content\/uploads\/2011\/08\/220px-Princep_carles_de_viana.jpg\"><img loading=\"lazy\" decoding=\"async\" class=\"size-full wp-image-1429\" alt=\"Carlos, Pr\u00edncipe de Viana\" src=\"http:\/\/josemariacastillejo.com\/wp-content\/uploads\/2011\/08\/220px-Princep_carles_de_viana.jpg\" width=\"220\" height=\"367\" srcset=\"https:\/\/josemariacastillejo.com\/wp-content\/uploads\/2011\/08\/220px-Princep_carles_de_viana.jpg 220w, https:\/\/josemariacastillejo.com\/wp-content\/uploads\/2011\/08\/220px-Princep_carles_de_viana-179x300.jpg 179w\" sizes=\"(max-width: 220px) 100vw, 220px\" \/><\/a><figcaption id=\"caption-attachment-1429\" class=\"wp-caption-text\">Carlos, Pr\u00edncipe de Viana<\/figcaption><\/figure>\n<p>Quando Carlos, Pr\u00edncipe de Viana, tinha 20 anos, a sua m\u00e3e, a Rainha de Navarra, morreu. O seu pai, Juan de Arag\u00f3n, que era o herdeiro da Coroa de Arag\u00e3o como irm\u00e3o de Alfonso V, em vez de permitir que o seu filho primog\u00e9nito fosse nomeado Rei de Navarra como \u00fanico herdeiro de Blanca de Navarra, e tal como a sua falecida esposa e m\u00e3e de Carlos tinha pedido no seu testamento, n\u00e3o permitiu que ele recebesse a Coroa. A partir desse momento, inicia uma contenda com o seu filho, que durar\u00e1 at\u00e9 \u00e0 morte de Carlos.<\/p>\n<p>Primeiro, Juan de Arag\u00e3o lutando contra o seu pr\u00f3prio filho, depois obrigando-o a lutar contra a sua segunda mulher e madrasta, <a href=\"http:\/\/en.wikipedia.org\/wiki\/Juana_Enr%C3%ADquez\" target=\"_blank\">Do\u00f1a Juana Enriquez<\/a>\u00a0que reclamou a coroa de Navarra para os seus filhos, apesar de estes n\u00e3o terem direito a ela, e que mais tarde o obrigou a fugir para N\u00e1poles em busca da prote\u00e7\u00e3o do seu tio Afonso V, j\u00e1 muito velho mas ainda vivo e rei de Arag\u00e3o e de N\u00e1poles.<\/p>\n<p>&nbsp;<\/p>\n<figure id=\"attachment_1427\" aria-describedby=\"caption-attachment-1427\" style=\"width: 220px\" class=\"wp-caption aligncenter\"><a href=\"http:\/\/josemariacastillejo.com\/wp-content\/uploads\/2011\/08\/220px-Alfonso-V-el-Magnanimo.jpg\"><img loading=\"lazy\" decoding=\"async\" class=\"size-full wp-image-1427\" alt=\"Alfonso V el Magn\u00e1nimo\" src=\"http:\/\/josemariacastillejo.com\/wp-content\/uploads\/2011\/08\/220px-Alfonso-V-el-Magnanimo.jpg\" width=\"220\" height=\"280\" \/><\/a><figcaption id=\"caption-attachment-1427\" class=\"wp-caption-text\">Afonso V, o Magn\u00e2nimo<\/figcaption><\/figure>\n<p><a href=\"http:\/\/josemariacastillejo.com\/wp-content\/uploads\/2011\/08\/220px-Alfonso-V-el-Magnanimo.jpg\"><br \/>\n<\/a><a href=\"http:\/\/josemariacastillejo.com\/wp-content\/uploads\/2011\/08\/Escudo-Alfonso-V-El-Magnanimo.jpg\"><img loading=\"lazy\" decoding=\"async\" class=\"aligncenter size-full wp-image-1430\" alt=\"Escudo Alfonso V El Magnanimo\" src=\"http:\/\/josemariacastillejo.com\/wp-content\/uploads\/2011\/08\/Escudo-Alfonso-V-El-Magnanimo.jpg\" width=\"200\" height=\"324\" srcset=\"https:\/\/josemariacastillejo.com\/wp-content\/uploads\/2011\/08\/Escudo-Alfonso-V-El-Magnanimo.jpg 200w, https:\/\/josemariacastillejo.com\/wp-content\/uploads\/2011\/08\/Escudo-Alfonso-V-El-Magnanimo-185x300.jpg 185w\" sizes=\"(max-width: 200px) 100vw, 200px\" \/><\/a><\/p>\n<p>Com a morte do seu tio Afonso V, D. Carlos tenta aproximar-se do seu pai.<\/p>\n<p>Juan herda a coroa do seu irm\u00e3o e torna-se rei de Arag\u00e3o, com o nome de Juan II de Arag\u00e3o. Carlos pensava que o seu pai, uma vez conquistada a Coroa, o apoiaria finalmente para que pudesse reinar em Navarra, o reino de que era propriet\u00e1rio.<\/p>\n<p>Chegou ao ponto de pedir ao pai que o apoiasse no seu projeto de casar com Isabel de Castela, irm\u00e3 do rei Henrique IV. Esta viria a ser conhecida como a Rainha Isabel, a Cat\u00f3lica, embora na altura fosse apenas meia-irm\u00e3 do Rei de Castela. O casamento de Carlos contou com a aprova\u00e7\u00e3o do pr\u00f3prio rei de Castela, meio-irm\u00e3o de Isabel. Se Henrique IV conseguisse casar o Pr\u00edncipe de Viana com a sua irm\u00e3, impedi-lo-ia de casar com Catarina de Portugal. Mas o pai do pr\u00edncipe, Jo\u00e3o II de Arag\u00e3o, tinha planeado o casamento com Isabel para outro dos seus filhos, Fernando. Mais uma vez, Juana Enriquez, a segunda mulher do pai de Carlos, estava a lutar contra Carlos.<\/p>\n<p>Em vez de o ajudar, Juan II enganou o seu filho e pediu-lhe que fosse a Maiorca para tomar posse dos castelos que lhe correspondiam como rei de Maiorca. Quando desembarcou na ilha, foi capturado e levado para o Castelo de Santueri. O mesmo castelo que tenho agora diante dos meus olhos.<\/p>\n<figure id=\"attachment_1428\" aria-describedby=\"caption-attachment-1428\" style=\"width: 287px\" class=\"wp-caption aligncenter\"><a href=\"http:\/\/josemariacastillejo.com\/wp-content\/uploads\/2011\/08\/Juan-II-de-arag\u00f3n.jpg\"><img loading=\"lazy\" decoding=\"async\" class=\"size-full wp-image-1428\" alt=\"Juan II de Arag\u00f3n\" src=\"http:\/\/josemariacastillejo.com\/wp-content\/uploads\/2011\/08\/Juan-II-de-arag\u00f3n.jpg\" width=\"287\" height=\"400\" srcset=\"https:\/\/josemariacastillejo.com\/wp-content\/uploads\/2011\/08\/Juan-II-de-arag\u00f3n.jpg 287w, https:\/\/josemariacastillejo.com\/wp-content\/uploads\/2011\/08\/Juan-II-de-arag\u00f3n-215x300.jpg 215w\" sizes=\"(max-width: 287px) 100vw, 287px\" \/><\/a><figcaption id=\"caption-attachment-1428\" class=\"wp-caption-text\">Jo\u00e3o II de Arag\u00e3o<\/figcaption><\/figure>\n<p>Tudo isto se passou entre 28 de agosto de 1459 e 28 de mar\u00e7o de 1460, quando Carlos deixou Barcelona, onde foi recebido com as honras de rei que lhe eram devidas. Desde a rece\u00e7\u00e3o real em Barcelona at\u00e9 \u00e0 sua pris\u00e3o pela trai\u00e7\u00e3o do pai. Uma pris\u00e3o que o acompanhar\u00e1 de castelo em castelo at\u00e9 ao fim dos seus dias. O seu pai procurava uma ren\u00fancia aos seus direitos que nunca obteria do seu filho. A 23 de setembro de 1461, pouco mais de um ano ap\u00f3s a sua partida de Maiorca e com quarenta anos de idade, morre no Pal\u00e1cio Real de Barcelona.<\/p>\n<p>Dom Carlos foi infeliz na realiza\u00e7\u00e3o do seu objetivo de alcan\u00e7ar um trono que era seu por direito e por sangue. Foi, no entanto, enormemente afortunado na resposta aos seus amores.<\/p>\n<p>Ficou estabelecido que, apesar de n\u00e3o ter tido filhos do seu casamento com <a href=\"http:\/\/pt.wikipedia.org\/wiki\/In%C3%AAs_de_Cleves\" target=\"_blank\">Dona In\u00e9s de Cleves<\/a>Ficou vi\u00favo pouco depois do seu casamento, mas teve tr\u00eas mulheres que cortejou e com quem nunca casou: <a href=\"http:\/\/www.lebrelblanco.com\/anexos\/a0213.htm\" target=\"_blank\">Do\u00f1a Mar\u00eda de Armend\u00e1riz<\/a>de quem nasceu Do\u00f1a Ana de Navarra y Arag\u00f3n. Dona Ana casou-se com <a href=\"http:\/\/es.wikipedia.org\/wiki\/Luis_de_la_Cerda_y_de_la_Vega\">Don Luis de la Cerda<\/a>5\u00ba Conde e 1\u00ba Duque de Medinaceli. Teve tamb\u00e9m um filho com Dona Brianda Vaca, de quem nasceu. <a href=\"http:\/\/www.poblet-pviana.com\/PRINCIPE%20RESTOS\/felipedenavarra.htm\">Philippe, Conde de Beaufort<\/a> e outro filho de uma terceira senhora chamada Margarida Capa, de quem nasceu. <a href=\"http:\/\/www.poblet-pviana.com\/PRINCIPE%20RESTOS\/juanalfonso.htm\">Dom Juan Alfonso de Navarra e Arag\u00e3o<\/a>que se tornaria bispo de Huesca.<\/p>\n<p>Foi, por isso, bastante prol\u00edfico nas suas rela\u00e7\u00f5es amorosas e teve filhos que reconheceu de cada uma delas. Mas estas n\u00e3o foram as \u00fanicas rela\u00e7\u00f5es que teve. Houve algumas outras bem conhecidas, como com\u00a0<a href=\"http:\/\/es.wikipedia.org\/wiki\/Catalina_de_Portugal_(1436-1463)\">Catarina de Portugal<\/a>que, ap\u00f3s a morte do pr\u00edncipe, entrou na <a href=\"http:\/\/es.wikipedia.org\/wiki\/Convento_de_Santa_Clara\">Convento de Santa Clara de Coimbra<\/a>\u00a0onde passaria o resto dos seus dias.<\/p>\n<p>A teoria defendida por Gabriel Verd no seu livro, citando o livro de Manuel Iribarren \"O Pr\u00edncipe de Viana, um destino frustrado\", \u00e9 a de que tamb\u00e9m houve uma mulher na sua vida enquanto esteve preso no Castelo de Santueri: Margarita Colom. Para o provar, apresenta um documento escrito pelo pr\u00f3prio Pr\u00edncipe ao Governador de Maiorca, datado de 28 de outubro de 1459, no qual diz: \"<em>Agradecemos muito o que fizeram por recomenda\u00e7\u00e3o da Margarida, a verdade dos factos mostrar\u00e1 o que sentiram em rela\u00e7\u00e3o ao seu amor.<\/em>\". Se ele chegou em agosto e em outubro soube que Margarida estava gr\u00e1vida, a crian\u00e7a deve ter nascido em junho de 1460. O filho teria pouco mais de um ano de idade quando Carlos morreu.<\/p>\n<figure id=\"attachment_1702\" aria-describedby=\"caption-attachment-1702\" style=\"width: 400px\" class=\"wp-caption aligncenter\"><a href=\"http:\/\/josemariacastillejo.com\/wp-content\/uploads\/2011\/08\/Colon-grabado.gif\"><img loading=\"lazy\" decoding=\"async\" class=\"size-full wp-image-1702\" alt=\"Crist\u00f3bal Col\u00f3n\" src=\"http:\/\/josemariacastillejo.com\/wp-content\/uploads\/2011\/08\/Colon-grabado.gif\" width=\"400\" height=\"392\" \/><\/a><figcaption id=\"caption-attachment-1702\" class=\"wp-caption-text\">Crist\u00f3v\u00e3o Colombo<\/figcaption><\/figure>\n<p>\"<em>Esta Margarita era filha de Juan Colom, pai de alguns fugitivos maiorquinos que estavam ao servi\u00e7o de <\/em><a href=\"http:\/\/es.wikipedia.org\/wiki\/Renato_I_de_N%C3%A1poles\"><em>Dom Renato de Anjou<\/em><\/a><em>que viviam na altura no munic\u00edpio de Felanitx, numa quinta chamada Sa Alquer\u00eda Roja, hoje Son Ramonet, situada a cerca de dois quil\u00f3metros da cidade de Felanitx e perto do Castelo de Santueri.<\/em>\"Gabriel Verd, \"Crist\u00f3v\u00e3o Colombo e a revela\u00e7\u00e3o do enigma\", p. 62. Os irm\u00e3os fugitivos, obrigados a fugir de Maiorca ap\u00f3s uma revolta contra a nobreza local, desembarcaram em G\u00e9nova, onde ganharam a vida ao servi\u00e7o de D. Renato.<\/p>\n<p>A partir daqui come\u00e7a toda uma hist\u00f3ria que justifica e explica a vida de Crist\u00f3v\u00e3o Colombo a partir desta perspetiva.<\/p>\n<figure id=\"attachment_1700\" aria-describedby=\"caption-attachment-1700\" style=\"width: 300px\" class=\"wp-caption aligncenter\"><a href=\"http:\/\/josemariacastillejo.com\/wp-content\/uploads\/2011\/08\/carabelas500-300x240.jpg\"><img loading=\"lazy\" decoding=\"async\" class=\"size-full wp-image-1700\" alt=\"Tres Carabelas\" src=\"http:\/\/josemariacastillejo.com\/wp-content\/uploads\/2011\/08\/carabelas500-300x240.jpg\" width=\"300\" height=\"240\" \/><\/a><figcaption id=\"caption-attachment-1700\" class=\"wp-caption-text\">Tr\u00eas Caravelas<\/figcaption><\/figure>\n<figure id=\"attachment_1703\" aria-describedby=\"caption-attachment-1703\" style=\"width: 1416px\" class=\"wp-caption aligncenter\"><a href=\"http:\/\/josemariacastillejo.com\/wp-content\/uploads\/2011\/08\/travesias-de-cristobal-colon-en-infografia.jpg\"><img loading=\"lazy\" decoding=\"async\" class=\"size-full wp-image-1703\" alt=\"Traves\u00edas de Crist\u00f3bal Col\u00f3n\" src=\"http:\/\/josemariacastillejo.com\/wp-content\/uploads\/2011\/08\/travesias-de-cristobal-colon-en-infografia.jpg\" width=\"1416\" height=\"1600\" srcset=\"https:\/\/josemariacastillejo.com\/wp-content\/uploads\/2011\/08\/travesias-de-cristobal-colon-en-infografia.jpg 1416w, https:\/\/josemariacastillejo.com\/wp-content\/uploads\/2011\/08\/travesias-de-cristobal-colon-en-infografia-265x300.jpg 265w, https:\/\/josemariacastillejo.com\/wp-content\/uploads\/2011\/08\/travesias-de-cristobal-colon-en-infografia-906x1024.jpg 906w\" sizes=\"(max-width: 1416px) 100vw, 1416px\" \/><\/a><figcaption id=\"caption-attachment-1703\" class=\"wp-caption-text\">Viagens de Crist\u00f3v\u00e3o Colombo<\/figcaption><\/figure>\n<p>Convido-vos a procurar o livro que cito, a l\u00ea-lo e a tirar as vossas pr\u00f3prias conclus\u00f5es.<\/p>\n<p>&nbsp;<\/p>\n<p>&nbsp;<\/p>\n<p>&nbsp;<\/p>\n<p>&nbsp;<\/p>\n<p>&nbsp;<\/p>","protected":false},"excerpt":{"rendered":"<p>Estou em Maiorca e tenho em vista o castelo de Santueri, em Felanitx. Este castelo, constru\u00eddo sobre uma importante eleva\u00e7\u00e3o montanhosa e do qual se pode ver quase toda a costa norte e leste da ilha de Maiorca, Menorca e Cabrera, uma torre de vigia defensiva inexpugn\u00e1vel, \u00e9 o local onde se sup\u00f5e que tenha ocorrido [...].<\/p>","protected":false},"author":1,"featured_media":1701,"comment_status":"open","ping_status":"open","sticky":false,"template":"","format":"standard","meta":{"footnotes":""},"categories":[8],"tags":[243,239,225,240,242,241,244],"class_list":["post-642","post","type-post","status-publish","format-standard","has-post-thumbnail","hentry","category-la-pata-del-cid","tag-carlos-de-trastamara","tag-castillo-de-santueri","tag-cristobal-colon","tag-felanitx","tag-gabriel-verd-martorell","tag-mallorca","tag-principe-de-viana"],"_links":{"self":[{"href":"https:\/\/josemariacastillejo.com\/pt\/wp-json\/wp\/v2\/posts\/642","targetHints":{"allow":["GET"]}}],"collection":[{"href":"https:\/\/josemariacastillejo.com\/pt\/wp-json\/wp\/v2\/posts"}],"about":[{"href":"https:\/\/josemariacastillejo.com\/pt\/wp-json\/wp\/v2\/types\/post"}],"author":[{"embeddable":true,"href":"https:\/\/josemariacastillejo.com\/pt\/wp-json\/wp\/v2\/users\/1"}],"replies":[{"embeddable":true,"href":"https:\/\/josemariacastillejo.com\/pt\/wp-json\/wp\/v2\/comments?post=642"}],"version-history":[{"count":19,"href":"https:\/\/josemariacastillejo.com\/pt\/wp-json\/wp\/v2\/posts\/642\/revisions"}],"predecessor-version":[{"id":651,"href":"https:\/\/josemariacastillejo.com\/pt\/wp-json\/wp\/v2\/posts\/642\/revisions\/651"}],"wp:featuredmedia":[{"embeddable":true,"href":"https:\/\/josemariacastillejo.com\/pt\/wp-json\/wp\/v2\/media\/1701"}],"wp:attachment":[{"href":"https:\/\/josemariacastillejo.com\/pt\/wp-json\/wp\/v2\/media?parent=642"}],"wp:term":[{"taxonomy":"category","embeddable":true,"href":"https:\/\/josemariacastillejo.com\/pt\/wp-json\/wp\/v2\/categories?post=642"},{"taxonomy":"post_tag","embeddable":true,"href":"https:\/\/josemariacastillejo.com\/pt\/wp-json\/wp\/v2\/tags?post=642"}],"curies":[{"name":"wp","href":"https:\/\/api.w.org\/{rel}","templated":true}]}}