{"id":771,"date":"2011-11-22T16:19:51","date_gmt":"2011-11-22T16:19:51","guid":{"rendered":"http:\/\/josemariacastillejo.com\/?p=771"},"modified":"2013-06-09T11:40:22","modified_gmt":"2013-06-09T11:40:22","slug":"pocoyo-y-unicef-por-los-derechos-de-la-infancia","status":"publish","type":"post","link":"https:\/\/josemariacastillejo.com\/pt\/blog\/2011\/11\/22\/pocoyo-y-unicef-por-los-derechos-de-la-infancia\/","title":{"rendered":"POCOYO E UNICEF PELOS DIREITOS DA CRIAN\u00c7A"},"content":{"rendered":"<p>Como sabem, ambos <a href=\"http:\/\/www.zinkia.com\">Zinkia<\/a>como <a href=\"http:\/\/www.pocoyo.com\" target=\"_blank\">Pocoyo<\/a> t\u00eam um forte compromisso com a prote\u00e7\u00e3o das crian\u00e7as. No passado m\u00eas de maio, a nossa empresa assinou um acordo de colabora\u00e7\u00e3o com <a href=\"http:\/\/www.unicef.es\" target=\"_blank\">UNICEF<\/a> para trabalhar em prol das crian\u00e7as de todo o mundo e tornou-se parceiro desta institui\u00e7\u00e3o.<\/p>\n<p>http:\/\/www.youtube.com\/watch?v=eOEhlMCBusU<\/p>\n<p><!--more--><\/p>\n<p>A este respeito, uma das \u00faltimas iniciativas que desenvolvemos em conjunto foi a cria\u00e7\u00e3o do <strong>oito <em>clipes <\/em>audiovisuais em que s\u00e3o discutidos os direitos das crian\u00e7as mais pequenas<\/strong> sobre quest\u00f5es importantes como a fam\u00edlia, a identidade, a igualdade, o jogo, a participa\u00e7\u00e3o, a educa\u00e7\u00e3o e a sa\u00fade.<\/p>\n<p>Estas pe\u00e7as ser\u00e3o transmitidas nos pr\u00f3ximos dias em diferentes canais de televis\u00e3o nacionais e internacionais, e ser\u00e3o tamb\u00e9m divulgadas atrav\u00e9s de diferentes s\u00edtios Web, tais como <span style=\"text-decoration: underline;\"><a href=\"http:\/\/www.enredate.org\" target=\"_blank\">www.enredate.org<\/a>;<\/span> <span style=\"text-decoration: underline;\"><a href=\"http:\/\/www.pocoyo.com\/unicef_es\">www.pocoyo.com\/unicef_es<\/a><\/span> ou plataformas em linha como <a href=\"http:\/\/tv.unicef.es\/\" target=\"_blank\">Unicef TV<\/a>o portal de <a href=\"http:\/\/www.rtve.es\/infantil\/\" target=\"_blank\">ClanTV<\/a> o <a href=\"http:\/\/www.youtube.com\" target=\"_blank\">Youtube<\/a>entre outros.<\/p>\n<p>&nbsp;<\/p>","protected":false},"excerpt":{"rendered":"<p>Como j\u00e1 sabem, tanto a Zinkia como a Pocoy\u00f3 t\u00eam um forte compromisso com a prote\u00e7\u00e3o das crian\u00e7as. No passado m\u00eas de maio, a nossa empresa assinou um acordo de colabora\u00e7\u00e3o com a UNICEF para trabalhar a favor das crian\u00e7as de todo o mundo e tornou-se colaboradora desta institui\u00e7\u00e3o. http:\/\/www.youtube.com\/watch?v=eOEhlMCBusU<\/p>","protected":false},"author":1,"featured_media":1640,"comment_status":"open","ping_status":"open","sticky":false,"template":"","format":"standard","meta":{"footnotes":""},"categories":[5],"tags":[281,16,280,12],"class_list":["post-771","post","type-post","status-publish","format-standard","has-post-thumbnail","hentry","category-pocoyo","tag-derechos-infancia","tag-pocoyo-2","tag-unicef","tag-zinkia-2"],"_links":{"self":[{"href":"https:\/\/josemariacastillejo.com\/pt\/wp-json\/wp\/v2\/posts\/771","targetHints":{"allow":["GET"]}}],"collection":[{"href":"https:\/\/josemariacastillejo.com\/pt\/wp-json\/wp\/v2\/posts"}],"about":[{"href":"https:\/\/josemariacastillejo.com\/pt\/wp-json\/wp\/v2\/types\/post"}],"author":[{"embeddable":true,"href":"https:\/\/josemariacastillejo.com\/pt\/wp-json\/wp\/v2\/users\/1"}],"replies":[{"embeddable":true,"href":"https:\/\/josemariacastillejo.com\/pt\/wp-json\/wp\/v2\/comments?post=771"}],"version-history":[{"count":3,"href":"https:\/\/josemariacastillejo.com\/pt\/wp-json\/wp\/v2\/posts\/771\/revisions"}],"predecessor-version":[{"id":1641,"href":"https:\/\/josemariacastillejo.com\/pt\/wp-json\/wp\/v2\/posts\/771\/revisions\/1641"}],"wp:featuredmedia":[{"embeddable":true,"href":"https:\/\/josemariacastillejo.com\/pt\/wp-json\/wp\/v2\/media\/1640"}],"wp:attachment":[{"href":"https:\/\/josemariacastillejo.com\/pt\/wp-json\/wp\/v2\/media?parent=771"}],"wp:term":[{"taxonomy":"category","embeddable":true,"href":"https:\/\/josemariacastillejo.com\/pt\/wp-json\/wp\/v2\/categories?post=771"},{"taxonomy":"post_tag","embeddable":true,"href":"https:\/\/josemariacastillejo.com\/pt\/wp-json\/wp\/v2\/tags?post=771"}],"curies":[{"name":"wp","href":"https:\/\/api.w.org\/{rel}","templated":true}]}}