{"id":802,"date":"2011-12-02T13:24:29","date_gmt":"2011-12-02T13:24:29","guid":{"rendered":"http:\/\/josemariacastillejo.com\/?p=802"},"modified":"2011-12-09T07:43:08","modified_gmt":"2011-12-09T07:43:08","slug":"toyceria-estambul","status":"publish","type":"post","link":"https:\/\/josemariacastillejo.com\/pt\/blog\/2011\/12\/02\/toyceria-estambul\/","title":{"rendered":"TOYZERIA, ISTANBUL"},"content":{"rendered":"<p style=\"text-align: justify;\">Esta semana, em Istambul, o <span style=\"text-decoration: underline;\"><strong>Feira de Licenciamento Toyzeria<\/strong><\/span>. Esta \u00e9 a primeira vez que <a href=\"http:\/\/www.pocoyo.com\/\" target=\"_blank\">Pocoyo<\/a> estive presente nesta Feira e vim conhecer em primeira m\u00e3o os nossos futuros licenciados, ver o stand que a Pocoyo tinha na Feira e ver alguns dos produtos que j\u00e1 est\u00e3o desenvolvidos para serem lan\u00e7ados neste mercado.<\/p>\n<p style=\"text-align: justify;\">\u00a0<\/p>\n<p style=\"text-align: justify;\"><a href=\"http:\/\/josemariacastillejo.com\/wp-content\/uploads\/2011\/12\/IMG_11231.jpg\"><img fetchpriority=\"high\" decoding=\"async\" class=\"aligncenter size-medium wp-image-806\" title=\"IMG_1123\" src=\"http:\/\/josemariacastillejo.com\/wp-content\/uploads\/2011\/12\/IMG_11231-300x224.jpg\" alt=\"\" width=\"300\" height=\"224\" srcset=\"https:\/\/josemariacastillejo.com\/wp-content\/uploads\/2011\/12\/IMG_11231-300x224.jpg 300w, https:\/\/josemariacastillejo.com\/wp-content\/uploads\/2011\/12\/IMG_11231-1024x764.jpg 1024w\" sizes=\"(max-width: 300px) 100vw, 300px\" \/><\/a><\/p>\n<p style=\"text-align: justify;\"><!--more--><\/p>\n<p style=\"text-align: justify;\">Como se pode ver no cartaz da Feira, a personagem central da Feira \u00e9 ..... <strong>Pocoyo!!!!<\/strong><\/p>\n<p style=\"text-align: justify;\">\u00a0Pude aperceber-me de um grande apre\u00e7o pela marca, de um grande gosto pelo Pocoyo entre as crian\u00e7as, de um grande desejo por parte dos futuros e potenciais licenciados e de uma grande vontade de come\u00e7ar a trabalhar por parte dos nossos agentes locais.<\/p>\n<p style=\"text-align: justify;\">\u00a0Esta \u00e9 a minha segunda visita em menos de seis meses e \u00e9 evidente que o entusiasmo est\u00e1 a permear todos os n\u00edveis da organiza\u00e7\u00e3o.  Pude provar biscoitos feitos com a ef\u00edgie de Pocoyo, ajudar uma menina a soprar as velas do seu anivers\u00e1rio num bolo com <strong>Pocoyo, Elly e Pato<\/strong>Veja como outra crian\u00e7a deu uma volta num carro el\u00e9trico com o Pocoyo, como outra tocou bateria e quantas vieram cumprimentar e tirar fotografias com o pr\u00f3prio Pocoyo quando ele saiu do seu camarim!!!!<a href=\"http:\/\/josemariacastillejo.com\/wp-content\/uploads\/2011\/12\/IMG_1144.jpg\"><img decoding=\"async\" class=\"alignleft size-medium wp-image-804\" title=\"IMG_1144\" src=\"http:\/\/josemariacastillejo.com\/wp-content\/uploads\/2011\/12\/IMG_1144-300x224.jpg\" alt=\"\" width=\"300\" height=\"224\" srcset=\"https:\/\/josemariacastillejo.com\/wp-content\/uploads\/2011\/12\/IMG_1144-300x224.jpg 300w, https:\/\/josemariacastillejo.com\/wp-content\/uploads\/2011\/12\/IMG_1144-1024x764.jpg 1024w\" sizes=\"(max-width: 300px) 100vw, 300px\" \/><\/a><\/p>\n<p style=\"text-align: justify;\">Penso que est\u00e3o criadas as condi\u00e7\u00f5es para que 2012 seja um grande ano para o Pocoyo e o primeiro de um longo n\u00famero de anos na Turquia.<\/p>","protected":false},"excerpt":{"rendered":"<p>A Toyzeria Licensing Fair realizou-se esta semana em Istambul. \u00c9 a primeira vez que a Pocoyo participa nesta feira e eu vim conhecer em primeira m\u00e3o os nossos futuros licenciados, ver o stand que a Pocoyo tinha na feira e ver alguns dos produtos que j\u00e1 est\u00e3o a ser desenvolvidos para serem [...]<\/p>","protected":false},"author":1,"featured_media":0,"comment_status":"open","ping_status":"open","sticky":false,"template":"","format":"standard","meta":{"footnotes":""},"categories":[5],"tags":[288,107,139,268,87,289,106,16],"class_list":["post-802","post","type-post","status-publish","format-standard","hentry","category-pocoyo","tag-cartel","tag-elly","tag-feria","tag-licencia","tag-marca","tag-ninos","tag-pato","tag-pocoyo-2"],"_links":{"self":[{"href":"https:\/\/josemariacastillejo.com\/pt\/wp-json\/wp\/v2\/posts\/802","targetHints":{"allow":["GET"]}}],"collection":[{"href":"https:\/\/josemariacastillejo.com\/pt\/wp-json\/wp\/v2\/posts"}],"about":[{"href":"https:\/\/josemariacastillejo.com\/pt\/wp-json\/wp\/v2\/types\/post"}],"author":[{"embeddable":true,"href":"https:\/\/josemariacastillejo.com\/pt\/wp-json\/wp\/v2\/users\/1"}],"replies":[{"embeddable":true,"href":"https:\/\/josemariacastillejo.com\/pt\/wp-json\/wp\/v2\/comments?post=802"}],"version-history":[{"count":4,"href":"https:\/\/josemariacastillejo.com\/pt\/wp-json\/wp\/v2\/posts\/802\/revisions"}],"predecessor-version":[{"id":856,"href":"https:\/\/josemariacastillejo.com\/pt\/wp-json\/wp\/v2\/posts\/802\/revisions\/856"}],"wp:attachment":[{"href":"https:\/\/josemariacastillejo.com\/pt\/wp-json\/wp\/v2\/media?parent=802"}],"wp:term":[{"taxonomy":"category","embeddable":true,"href":"https:\/\/josemariacastillejo.com\/pt\/wp-json\/wp\/v2\/categories?post=802"},{"taxonomy":"post_tag","embeddable":true,"href":"https:\/\/josemariacastillejo.com\/pt\/wp-json\/wp\/v2\/tags?post=802"}],"curies":[{"name":"wp","href":"https:\/\/api.w.org\/{rel}","templated":true}]}}